{"id":574,"date":"2026-01-16T13:49:48","date_gmt":"2026-01-16T13:49:48","guid":{"rendered":"https:\/\/msnacif.med.br\/home\/?p=574"},"modified":"2026-03-04T18:09:52","modified_gmt":"2026-03-04T18:09:52","slug":"radiologia-pratica-e-o-contato-com-o-paciente-um-valor-que-precisamos-resgatar","status":"publish","type":"post","link":"https:\/\/msnacif.med.br\/home\/radiologia-pratica-e-o-contato-com-o-paciente-um-valor-que-precisamos-resgatar\/","title":{"rendered":"Radiologia Pr\u00e1tica e o Contato com o Paciente: um valor que precisamos resgatar"},"content":{"rendered":"<p style=\"text-align: justify;\">Ao longo da minha trajet\u00f3ria, tive o privil\u00e9gio de acompanhar, de forma muito pr\u00f3xima, uma das maiores transforma\u00e7\u00f5es da medicina moderna: a informatiza\u00e7\u00e3o e a evolu\u00e7\u00e3o tecnol\u00f3gica da Radiologia e do Diagn\u00f3stico por Imagem.<\/p>\n<p style=\"text-align: justify;\">\n<p style=\"text-align: justify;\">\n<p style=\"text-align: justify;\">Sou de uma gera\u00e7\u00e3o que ainda viveu intensamente os exames contrastados no raio-X, a radiologia mais manual e observacional, e tamb\u00e9m presenciou, na pr\u00e1tica di\u00e1ria, o avan\u00e7o acelerado que levou a especialidade a um novo patamar \u2014 com equipamentos cada vez mais sofisticados, imagens de alta resolu\u00e7\u00e3o, maior volume de exames e mais informa\u00e7\u00f5es cl\u00ednicas a serem interpretadas pelo radiologista.<\/p>\n<p style=\"text-align: justify;\">\n<p style=\"text-align: justify;\">\n<p style=\"text-align: justify;\">Atualmente, como coordenador de grandes servi\u00e7os de radiologia, reconhe\u00e7o o impacto extraordin\u00e1rio que essa evolu\u00e7\u00e3o trouxe para a precis\u00e3o diagn\u00f3stica, para a capacidade de detec\u00e7\u00e3o precoce de doen\u00e7as e para o suporte \u00e0s decis\u00f5es terap\u00eauticas. No entanto, ao mesmo tempo, esse crescimento vem trazendo um desafio silencioso e cada vez mais relevante: a progressiva dist\u00e2ncia entre a radiologia, o paciente e a hist\u00f3ria cl\u00ednica.<\/p>\n<p style=\"text-align: justify;\">\n<p style=\"text-align: justify;\">\n<p style=\"text-align: justify;\">Com o aumento expressivo da demanda por exames de imagem, a forma\u00e7\u00e3o de grandes grupos, a subultraespecializa\u00e7\u00e3o e a expans\u00e3o da telerradiologia, muitos fluxos passaram a ser desenhados com foco absoluto em efici\u00eancia operacional. Al\u00e9m disso, em diversos servi\u00e7os, at\u00e9 mesmo os t\u00e9cnicos e tecn\u00f3logos t\u00eam tido menor contato direto com os pacientes, com aumento de processos baseados em telecomando e execu\u00e7\u00e3o automatizada de protocolos.<\/p>\n<p style=\"text-align: justify;\">\n<p style=\"text-align: justify;\">\n<p style=\"text-align: justify;\">Esse modelo, embora eficiente do ponto de vista log\u00edstico, pode comprometer um elemento essencial da medicina diagn\u00f3stica: o contexto cl\u00ednico real.<\/p>\n<p style=\"text-align: justify;\">\n<p style=\"text-align: justify;\">\n<p style=\"text-align: justify;\">Na pr\u00e1tica, um dos fatores que mais impacta a qualidade do laudo n\u00e3o \u00e9 apenas a tecnologia do equipamento, mas sim a presen\u00e7a de uma boa anamnese, de um exame f\u00edsico consistente e de uma hip\u00f3tese diagn\u00f3stica bem constru\u00edda \u2014 pilares cl\u00e1ssicos da medicina \u00e0 beira do leito, t\u00e3o valorizados pelos grandes mestres da cl\u00ednica m\u00e9dica.<\/p>\n<p style=\"text-align: justify;\">\n<p style=\"text-align: justify;\">\n<p style=\"text-align: justify;\">\u00c9 importante refor\u00e7ar: a radiologia n\u00e3o \u00e9 uma especialidade isolada, e tampouco deve funcionar como uma \u201clinha de produ\u00e7\u00e3o\u201d de laudos desconectados da realidade cl\u00ednica. O exame de imagem precisa ser parte integrada do racioc\u00ednio m\u00e9dico, e n\u00e3o um recurso solicitado de forma gen\u00e9rica, autom\u00e1tica ou sem objetivo claro.<\/p>\n<p style=\"text-align: justify;\">\n<p style=\"text-align: justify;\">\n<p style=\"text-align: justify;\">Tenho observado, com frequ\u00eancia, cen\u00e1rios em que os pedidos m\u00e9dicos chegam com informa\u00e7\u00f5es insuficientes, c\u00f3digos TUSS incorretos, indica\u00e7\u00f5es pouco direcionadas e aus\u00eancia de dados b\u00e1sicos que influenciam diretamente a interpreta\u00e7\u00e3o radiol\u00f3gica. Nessas situa\u00e7\u00f5es, o exame pode ser tecnicamente impec\u00e1vel \u2014 por\u00e9m incapaz de oferecer o verdadeiro diagn\u00f3stico, simplesmente porque o ponto de partida foi inadequado.<\/p>\n<p style=\"text-align: justify;\">\n<p style=\"text-align: justify;\">\n<p style=\"text-align: justify;\">Outro ponto cr\u00edtico envolve a dificuldade, em alguns sistemas, de visualizar de maneira clara o pedido m\u00e9dico, os question\u00e1rios e informa\u00e7\u00f5es complementares. A aus\u00eancia de uma anamnese dirigida e de comunica\u00e7\u00e3o cl\u00ednica efetiva aumenta o risco de conclus\u00f5es menos precisas, maior necessidade de complementa\u00e7\u00f5es, retrabalho e, em casos mais delicados, possibilidade de atraso em condutas relevantes.<\/p>\n<p style=\"text-align: justify;\">\n<p style=\"text-align: justify;\">\n<p style=\"text-align: justify;\"><strong>Por esse motivo, acredito que a Radiologia precisa, cada vez mais, resgatar e fortalecer alguns princ\u00edpios:<\/strong><\/p>\n<p style=\"text-align: justify;\">\u2022Maior proximidade com o m\u00e9dico assistente, promovendo integra\u00e7\u00e3o real e troca ativa de informa\u00e7\u00f5es;<\/p>\n<p style=\"text-align: justify;\">\u2022Valoriza\u00e7\u00e3o da hist\u00f3ria cl\u00ednica e do exame f\u00edsico, entendendo que a imagem sem contexto perde parte do seu valor diagn\u00f3stico;<\/p>\n<p style=\"text-align: justify;\">\u2022Reaproxima\u00e7\u00e3o do paciente e de seus familiares, sobretudo nos cen\u00e1rios onde isso impacta a interpreta\u00e7\u00e3o e direciona decis\u00f5es;<\/p>\n<p style=\"text-align: justify;\">\u2022Melhoria cont\u00ednua de processos, fluxos e comunica\u00e7\u00e3o, assegurando que informa\u00e7\u00f5es essenciais estejam dispon\u00edveis antes e durante a an\u00e1lise do exame.<\/p>\n<p style=\"text-align: justify;\">\n<p style=\"text-align: justify;\">\n<p style=\"text-align: justify;\">Essa vis\u00e3o n\u00e3o \u00e9 um retrocesso tecnol\u00f3gico \u2014 pelo contr\u00e1rio. Ela \u00e9 uma evolu\u00e7\u00e3o conceitual necess\u00e1ria.<\/p>\n<p style=\"text-align: justify;\">\n<p style=\"text-align: justify;\">\n<p style=\"text-align: justify;\">O futuro da radiologia ser\u00e1 ainda mais avan\u00e7ado. A intelig\u00eancia artificial, aliada \u00e0 moderniza\u00e7\u00e3o dos parques tecnol\u00f3gicos e, principalmente, \u00e0 atualiza\u00e7\u00e3o dos computadores, softwares e integra\u00e7\u00f5es entre sistemas, certamente ser\u00e1 o pr\u00f3ximo grande salto para a especialidade.<\/p>\n<p style=\"text-align: justify;\">\n<p style=\"text-align: justify;\">\n<p style=\"text-align: justify;\">Entretanto, nenhum avan\u00e7o tecnol\u00f3gico substituir\u00e1 aquilo que sempre sustentou a medicina de excel\u00eancia: o cuidado baseado em contexto, an\u00e1lise cl\u00ednica e comunica\u00e7\u00e3o de qualidade.<\/p>\n<p style=\"text-align: justify;\">\n<p style=\"text-align: justify;\">\n<p style=\"text-align: justify;\">A radiologia tem um potencial enorme de transformar desfechos, reduzir erros e melhorar a jornada do paciente. Para isso, precisamos fortalecer a radiologia como ela deve ser: uma especialidade moderna, precisa e tecnol\u00f3gica \u2014 mas profundamente conectada ao racioc\u00ednio cl\u00ednico e ao ser humano por tr\u00e1s do exame.<\/p>\n<p style=\"text-align: justify;\">\n<p style=\"text-align: justify;\">\n<p style=\"text-align: justify;\">Radiologia pr\u00e1tica \u00e9, acima de tudo, radiologia integrada: com o paciente, com a hist\u00f3ria e com a medicina \u00e0 beira do leito.<\/p>\n","protected":false},"excerpt":{"rendered":"<p>Com o aumento expressivo da demanda por exames de imagem, a forma\u00e7\u00e3o de grandes grupos, a subultraespecializa\u00e7\u00e3o e a expans\u00e3o da telerradiologia, muitos fluxos passaram a ser desenhados com foco absoluto em efici\u00eancia operacional.<\/p>\n","protected":false},"author":2,"featured_media":576,"comment_status":"open","ping_status":"open","sticky":false,"template":"","format":"standard","meta":{"_joinchat":[],"footnotes":""},"categories":[1],"tags":[],"class_list":["post-574","post","type-post","status-publish","format-standard","has-post-thumbnail","hentry","category-uncategorized"],"yoast_head":"<!-- This site is optimized with the Yoast SEO plugin v27.1.1 - https:\/\/yoast.com\/product\/yoast-seo-wordpress\/ -->\n<title>Radiologia Pr\u00e1tica e o Contato com o Paciente: um valor que precisamos resgatar - Dr. Marcelo Nacif<\/title>\n<meta name=\"description\" content=\"\u00c9 importante refor\u00e7ar: a radiologia n\u00e3o \u00e9 uma especialidade isolada, e tampouco deve funcionar como uma \u201clinha de produ\u00e7\u00e3o\u201d de laudos desconectados da realidade cl\u00ednica. O exame de imagem precisa ser parte integrada do racioc\u00ednio m\u00e9dico, e n\u00e3o um recurso solicitado de forma gen\u00e9rica, autom\u00e1tica ou sem objetivo claro.\" \/>\n<meta name=\"robots\" content=\"index, follow, max-snippet:-1, max-image-preview:large, max-video-preview:-1\" \/>\n<link rel=\"canonical\" href=\"https:\/\/msnacif.med.br\/home\/radiologia-pratica-e-o-contato-com-o-paciente-um-valor-que-precisamos-resgatar\/\" \/>\n<meta property=\"og:locale\" content=\"pt_BR\" \/>\n<meta property=\"og:type\" content=\"article\" \/>\n<meta property=\"og:title\" content=\"Radiologia Pr\u00e1tica e o Contato com o Paciente: um valor que precisamos resgatar - Dr. Marcelo Nacif\" \/>\n<meta property=\"og:description\" content=\"\u00c9 importante refor\u00e7ar: a radiologia n\u00e3o \u00e9 uma especialidade isolada, e tampouco deve funcionar como uma \u201clinha de produ\u00e7\u00e3o\u201d de laudos desconectados da realidade cl\u00ednica. O exame de imagem precisa ser parte integrada do racioc\u00ednio m\u00e9dico, e n\u00e3o um recurso solicitado de forma gen\u00e9rica, autom\u00e1tica ou sem objetivo claro.\" \/>\n<meta property=\"og:url\" content=\"https:\/\/msnacif.med.br\/home\/radiologia-pratica-e-o-contato-com-o-paciente-um-valor-que-precisamos-resgatar\/\" \/>\n<meta property=\"og:site_name\" content=\"Dr. Marcelo Nacif\" \/>\n<meta property=\"article:published_time\" content=\"2026-01-16T13:49:48+00:00\" \/>\n<meta property=\"article:modified_time\" content=\"2026-03-04T18:09:52+00:00\" \/>\n<meta property=\"og:image\" content=\"https:\/\/msnacif.med.br\/home\/wp-content\/uploads\/2026\/01\/WhatsApp-Image-2026-01-16-at-09.47.05.jpeg\" \/>\n\t<meta property=\"og:image:width\" content=\"1024\" \/>\n\t<meta property=\"og:image:height\" content=\"1024\" \/>\n\t<meta property=\"og:image:type\" content=\"image\/jpeg\" \/>\n<meta name=\"author\" content=\"Conectou!\" \/>\n<meta name=\"twitter:card\" content=\"summary_large_image\" \/>\n<meta name=\"twitter:label1\" content=\"Escrito por\" \/>\n\t<meta name=\"twitter:data1\" content=\"Conectou!\" \/>\n\t<meta name=\"twitter:label2\" content=\"Est. tempo de leitura\" \/>\n\t<meta name=\"twitter:data2\" content=\"5 minutos\" \/>\n<script type=\"application\/ld+json\" class=\"yoast-schema-graph\">{\"@context\":\"https:\/\/schema.org\",\"@graph\":[{\"@type\":\"Article\",\"@id\":\"https:\/\/msnacif.med.br\/home\/radiologia-pratica-e-o-contato-com-o-paciente-um-valor-que-precisamos-resgatar\/#article\",\"isPartOf\":{\"@id\":\"https:\/\/msnacif.med.br\/home\/radiologia-pratica-e-o-contato-com-o-paciente-um-valor-que-precisamos-resgatar\/\"},\"author\":{\"name\":\"Conectou!\",\"@id\":\"https:\/\/msnacif.med.br\/home\/#\/schema\/person\/a0519eecab3cb36429bece6470836d1b\"},\"headline\":\"Radiologia Pr\u00e1tica e o Contato com o Paciente: um valor que precisamos resgatar\",\"datePublished\":\"2026-01-16T13:49:48+00:00\",\"dateModified\":\"2026-03-04T18:09:52+00:00\",\"mainEntityOfPage\":{\"@id\":\"https:\/\/msnacif.med.br\/home\/radiologia-pratica-e-o-contato-com-o-paciente-um-valor-que-precisamos-resgatar\/\"},\"wordCount\":822,\"commentCount\":0,\"publisher\":{\"@id\":\"https:\/\/msnacif.med.br\/home\/#organization\"},\"image\":{\"@id\":\"https:\/\/msnacif.med.br\/home\/radiologia-pratica-e-o-contato-com-o-paciente-um-valor-que-precisamos-resgatar\/#primaryimage\"},\"thumbnailUrl\":\"https:\/\/msnacif.med.br\/home\/wp-content\/uploads\/2026\/01\/WhatsApp-Image-2026-01-16-at-09.47.05.jpeg\",\"articleSection\":[\"Uncategorized\"],\"inLanguage\":\"pt-BR\",\"potentialAction\":[{\"@type\":\"CommentAction\",\"name\":\"Comment\",\"target\":[\"https:\/\/msnacif.med.br\/home\/radiologia-pratica-e-o-contato-com-o-paciente-um-valor-que-precisamos-resgatar\/#respond\"]}]},{\"@type\":\"WebPage\",\"@id\":\"https:\/\/msnacif.med.br\/home\/radiologia-pratica-e-o-contato-com-o-paciente-um-valor-que-precisamos-resgatar\/\",\"url\":\"https:\/\/msnacif.med.br\/home\/radiologia-pratica-e-o-contato-com-o-paciente-um-valor-que-precisamos-resgatar\/\",\"name\":\"Radiologia Pr\u00e1tica e o Contato com o Paciente: um valor que precisamos resgatar - Dr. Marcelo Nacif\",\"isPartOf\":{\"@id\":\"https:\/\/msnacif.med.br\/home\/#website\"},\"primaryImageOfPage\":{\"@id\":\"https:\/\/msnacif.med.br\/home\/radiologia-pratica-e-o-contato-com-o-paciente-um-valor-que-precisamos-resgatar\/#primaryimage\"},\"image\":{\"@id\":\"https:\/\/msnacif.med.br\/home\/radiologia-pratica-e-o-contato-com-o-paciente-um-valor-que-precisamos-resgatar\/#primaryimage\"},\"thumbnailUrl\":\"https:\/\/msnacif.med.br\/home\/wp-content\/uploads\/2026\/01\/WhatsApp-Image-2026-01-16-at-09.47.05.jpeg\",\"datePublished\":\"2026-01-16T13:49:48+00:00\",\"dateModified\":\"2026-03-04T18:09:52+00:00\",\"description\":\"\u00c9 importante refor\u00e7ar: a radiologia n\u00e3o \u00e9 uma especialidade isolada, e tampouco deve funcionar como uma \u201clinha de produ\u00e7\u00e3o\u201d de laudos desconectados da realidade cl\u00ednica. O exame de imagem precisa ser parte integrada do racioc\u00ednio m\u00e9dico, e n\u00e3o um recurso solicitado de forma gen\u00e9rica, autom\u00e1tica ou sem objetivo claro.\",\"breadcrumb\":{\"@id\":\"https:\/\/msnacif.med.br\/home\/radiologia-pratica-e-o-contato-com-o-paciente-um-valor-que-precisamos-resgatar\/#breadcrumb\"},\"inLanguage\":\"pt-BR\",\"potentialAction\":[{\"@type\":\"ReadAction\",\"target\":[\"https:\/\/msnacif.med.br\/home\/radiologia-pratica-e-o-contato-com-o-paciente-um-valor-que-precisamos-resgatar\/\"]}]},{\"@type\":\"ImageObject\",\"inLanguage\":\"pt-BR\",\"@id\":\"https:\/\/msnacif.med.br\/home\/radiologia-pratica-e-o-contato-com-o-paciente-um-valor-que-precisamos-resgatar\/#primaryimage\",\"url\":\"https:\/\/msnacif.med.br\/home\/wp-content\/uploads\/2026\/01\/WhatsApp-Image-2026-01-16-at-09.47.05.jpeg\",\"contentUrl\":\"https:\/\/msnacif.med.br\/home\/wp-content\/uploads\/2026\/01\/WhatsApp-Image-2026-01-16-at-09.47.05.jpeg\",\"width\":1024,\"height\":1024,\"caption\":\"Esta imagem representa uma brincadeira entre a filosofia e a radiologia do futuro. Vamos nos preparar.\"},{\"@type\":\"BreadcrumbList\",\"@id\":\"https:\/\/msnacif.med.br\/home\/radiologia-pratica-e-o-contato-com-o-paciente-um-valor-que-precisamos-resgatar\/#breadcrumb\",\"itemListElement\":[{\"@type\":\"ListItem\",\"position\":1,\"name\":\"In\u00edcio\",\"item\":\"https:\/\/msnacif.med.br\/home\/\"},{\"@type\":\"ListItem\",\"position\":2,\"name\":\"Radiologia Pr\u00e1tica e o Contato com o Paciente: um valor que precisamos resgatar\"}]},{\"@type\":\"WebSite\",\"@id\":\"https:\/\/msnacif.med.br\/home\/#website\",\"url\":\"https:\/\/msnacif.med.br\/home\/\",\"name\":\"Dr. Marcelo Nacif\",\"description\":\"Especialista em Diagn\u00f3stico por Imagem\",\"publisher\":{\"@id\":\"https:\/\/msnacif.med.br\/home\/#organization\"},\"potentialAction\":[{\"@type\":\"SearchAction\",\"target\":{\"@type\":\"EntryPoint\",\"urlTemplate\":\"https:\/\/msnacif.med.br\/home\/?s={search_term_string}\"},\"query-input\":{\"@type\":\"PropertyValueSpecification\",\"valueRequired\":true,\"valueName\":\"search_term_string\"}}],\"inLanguage\":\"pt-BR\"},{\"@type\":\"Organization\",\"@id\":\"https:\/\/msnacif.med.br\/home\/#organization\",\"name\":\"Dr. Marcelo Nacif\",\"url\":\"https:\/\/msnacif.med.br\/home\/\",\"logo\":{\"@type\":\"ImageObject\",\"inLanguage\":\"pt-BR\",\"@id\":\"https:\/\/msnacif.med.br\/home\/#\/schema\/logo\/image\/\",\"url\":\"https:\/\/msnacif.med.br\/home\/wp-content\/uploads\/2025\/03\/logoMN.png\",\"contentUrl\":\"https:\/\/msnacif.med.br\/home\/wp-content\/uploads\/2025\/03\/logoMN.png\",\"width\":224,\"height\":148,\"caption\":\"Dr. Marcelo Nacif\"},\"image\":{\"@id\":\"https:\/\/msnacif.med.br\/home\/#\/schema\/logo\/image\/\"},\"sameAs\":[\"https:\/\/www.instagram.com\/msnacif\/\"]},{\"@type\":\"Person\",\"@id\":\"https:\/\/msnacif.med.br\/home\/#\/schema\/person\/a0519eecab3cb36429bece6470836d1b\",\"name\":\"Conectou!\",\"image\":{\"@type\":\"ImageObject\",\"inLanguage\":\"pt-BR\",\"@id\":\"https:\/\/msnacif.med.br\/home\/#\/schema\/person\/image\/\",\"url\":\"https:\/\/secure.gravatar.com\/avatar\/52d5b39631fca2c4a23ded565b9d52179fc14b4a1e8c27d6371fa284c21cbe00?s=96&d=mm&r=g\",\"contentUrl\":\"https:\/\/secure.gravatar.com\/avatar\/52d5b39631fca2c4a23ded565b9d52179fc14b4a1e8c27d6371fa284c21cbe00?s=96&d=mm&r=g\",\"caption\":\"Conectou!\"},\"url\":\"https:\/\/msnacif.med.br\/home\/author\/editor\/\"}]}<\/script>\n<!-- \/ Yoast SEO plugin. -->","yoast_head_json":{"title":"Radiologia Pr\u00e1tica e o Contato com o Paciente: um valor que precisamos resgatar - Dr. Marcelo Nacif","description":"\u00c9 importante refor\u00e7ar: a radiologia n\u00e3o \u00e9 uma especialidade isolada, e tampouco deve funcionar como uma \u201clinha de produ\u00e7\u00e3o\u201d de laudos desconectados da realidade cl\u00ednica. O exame de imagem precisa ser parte integrada do racioc\u00ednio m\u00e9dico, e n\u00e3o um recurso solicitado de forma gen\u00e9rica, autom\u00e1tica ou sem objetivo claro.","robots":{"index":"index","follow":"follow","max-snippet":"max-snippet:-1","max-image-preview":"max-image-preview:large","max-video-preview":"max-video-preview:-1"},"canonical":"https:\/\/msnacif.med.br\/home\/radiologia-pratica-e-o-contato-com-o-paciente-um-valor-que-precisamos-resgatar\/","og_locale":"pt_BR","og_type":"article","og_title":"Radiologia Pr\u00e1tica e o Contato com o Paciente: um valor que precisamos resgatar - Dr. Marcelo Nacif","og_description":"\u00c9 importante refor\u00e7ar: a radiologia n\u00e3o \u00e9 uma especialidade isolada, e tampouco deve funcionar como uma \u201clinha de produ\u00e7\u00e3o\u201d de laudos desconectados da realidade cl\u00ednica. O exame de imagem precisa ser parte integrada do racioc\u00ednio m\u00e9dico, e n\u00e3o um recurso solicitado de forma gen\u00e9rica, autom\u00e1tica ou sem objetivo claro.","og_url":"https:\/\/msnacif.med.br\/home\/radiologia-pratica-e-o-contato-com-o-paciente-um-valor-que-precisamos-resgatar\/","og_site_name":"Dr. Marcelo Nacif","article_published_time":"2026-01-16T13:49:48+00:00","article_modified_time":"2026-03-04T18:09:52+00:00","og_image":[{"width":1024,"height":1024,"url":"https:\/\/msnacif.med.br\/home\/wp-content\/uploads\/2026\/01\/WhatsApp-Image-2026-01-16-at-09.47.05.jpeg","type":"image\/jpeg"}],"author":"Conectou!","twitter_card":"summary_large_image","twitter_misc":{"Escrito por":"Conectou!","Est. tempo de leitura":"5 minutos"},"schema":{"@context":"https:\/\/schema.org","@graph":[{"@type":"Article","@id":"https:\/\/msnacif.med.br\/home\/radiologia-pratica-e-o-contato-com-o-paciente-um-valor-que-precisamos-resgatar\/#article","isPartOf":{"@id":"https:\/\/msnacif.med.br\/home\/radiologia-pratica-e-o-contato-com-o-paciente-um-valor-que-precisamos-resgatar\/"},"author":{"name":"Conectou!","@id":"https:\/\/msnacif.med.br\/home\/#\/schema\/person\/a0519eecab3cb36429bece6470836d1b"},"headline":"Radiologia Pr\u00e1tica e o Contato com o Paciente: um valor que precisamos resgatar","datePublished":"2026-01-16T13:49:48+00:00","dateModified":"2026-03-04T18:09:52+00:00","mainEntityOfPage":{"@id":"https:\/\/msnacif.med.br\/home\/radiologia-pratica-e-o-contato-com-o-paciente-um-valor-que-precisamos-resgatar\/"},"wordCount":822,"commentCount":0,"publisher":{"@id":"https:\/\/msnacif.med.br\/home\/#organization"},"image":{"@id":"https:\/\/msnacif.med.br\/home\/radiologia-pratica-e-o-contato-com-o-paciente-um-valor-que-precisamos-resgatar\/#primaryimage"},"thumbnailUrl":"https:\/\/msnacif.med.br\/home\/wp-content\/uploads\/2026\/01\/WhatsApp-Image-2026-01-16-at-09.47.05.jpeg","articleSection":["Uncategorized"],"inLanguage":"pt-BR","potentialAction":[{"@type":"CommentAction","name":"Comment","target":["https:\/\/msnacif.med.br\/home\/radiologia-pratica-e-o-contato-com-o-paciente-um-valor-que-precisamos-resgatar\/#respond"]}]},{"@type":"WebPage","@id":"https:\/\/msnacif.med.br\/home\/radiologia-pratica-e-o-contato-com-o-paciente-um-valor-que-precisamos-resgatar\/","url":"https:\/\/msnacif.med.br\/home\/radiologia-pratica-e-o-contato-com-o-paciente-um-valor-que-precisamos-resgatar\/","name":"Radiologia Pr\u00e1tica e o Contato com o Paciente: um valor que precisamos resgatar - Dr. Marcelo Nacif","isPartOf":{"@id":"https:\/\/msnacif.med.br\/home\/#website"},"primaryImageOfPage":{"@id":"https:\/\/msnacif.med.br\/home\/radiologia-pratica-e-o-contato-com-o-paciente-um-valor-que-precisamos-resgatar\/#primaryimage"},"image":{"@id":"https:\/\/msnacif.med.br\/home\/radiologia-pratica-e-o-contato-com-o-paciente-um-valor-que-precisamos-resgatar\/#primaryimage"},"thumbnailUrl":"https:\/\/msnacif.med.br\/home\/wp-content\/uploads\/2026\/01\/WhatsApp-Image-2026-01-16-at-09.47.05.jpeg","datePublished":"2026-01-16T13:49:48+00:00","dateModified":"2026-03-04T18:09:52+00:00","description":"\u00c9 importante refor\u00e7ar: a radiologia n\u00e3o \u00e9 uma especialidade isolada, e tampouco deve funcionar como uma \u201clinha de produ\u00e7\u00e3o\u201d de laudos desconectados da realidade cl\u00ednica. O exame de imagem precisa ser parte integrada do racioc\u00ednio m\u00e9dico, e n\u00e3o um recurso solicitado de forma gen\u00e9rica, autom\u00e1tica ou sem objetivo claro.","breadcrumb":{"@id":"https:\/\/msnacif.med.br\/home\/radiologia-pratica-e-o-contato-com-o-paciente-um-valor-que-precisamos-resgatar\/#breadcrumb"},"inLanguage":"pt-BR","potentialAction":[{"@type":"ReadAction","target":["https:\/\/msnacif.med.br\/home\/radiologia-pratica-e-o-contato-com-o-paciente-um-valor-que-precisamos-resgatar\/"]}]},{"@type":"ImageObject","inLanguage":"pt-BR","@id":"https:\/\/msnacif.med.br\/home\/radiologia-pratica-e-o-contato-com-o-paciente-um-valor-que-precisamos-resgatar\/#primaryimage","url":"https:\/\/msnacif.med.br\/home\/wp-content\/uploads\/2026\/01\/WhatsApp-Image-2026-01-16-at-09.47.05.jpeg","contentUrl":"https:\/\/msnacif.med.br\/home\/wp-content\/uploads\/2026\/01\/WhatsApp-Image-2026-01-16-at-09.47.05.jpeg","width":1024,"height":1024,"caption":"Esta imagem representa uma brincadeira entre a filosofia e a radiologia do futuro. Vamos nos preparar."},{"@type":"BreadcrumbList","@id":"https:\/\/msnacif.med.br\/home\/radiologia-pratica-e-o-contato-com-o-paciente-um-valor-que-precisamos-resgatar\/#breadcrumb","itemListElement":[{"@type":"ListItem","position":1,"name":"In\u00edcio","item":"https:\/\/msnacif.med.br\/home\/"},{"@type":"ListItem","position":2,"name":"Radiologia Pr\u00e1tica e o Contato com o Paciente: um valor que precisamos resgatar"}]},{"@type":"WebSite","@id":"https:\/\/msnacif.med.br\/home\/#website","url":"https:\/\/msnacif.med.br\/home\/","name":"Dr. Marcelo Nacif","description":"Especialista em Diagn\u00f3stico por Imagem","publisher":{"@id":"https:\/\/msnacif.med.br\/home\/#organization"},"potentialAction":[{"@type":"SearchAction","target":{"@type":"EntryPoint","urlTemplate":"https:\/\/msnacif.med.br\/home\/?s={search_term_string}"},"query-input":{"@type":"PropertyValueSpecification","valueRequired":true,"valueName":"search_term_string"}}],"inLanguage":"pt-BR"},{"@type":"Organization","@id":"https:\/\/msnacif.med.br\/home\/#organization","name":"Dr. Marcelo Nacif","url":"https:\/\/msnacif.med.br\/home\/","logo":{"@type":"ImageObject","inLanguage":"pt-BR","@id":"https:\/\/msnacif.med.br\/home\/#\/schema\/logo\/image\/","url":"https:\/\/msnacif.med.br\/home\/wp-content\/uploads\/2025\/03\/logoMN.png","contentUrl":"https:\/\/msnacif.med.br\/home\/wp-content\/uploads\/2025\/03\/logoMN.png","width":224,"height":148,"caption":"Dr. Marcelo Nacif"},"image":{"@id":"https:\/\/msnacif.med.br\/home\/#\/schema\/logo\/image\/"},"sameAs":["https:\/\/www.instagram.com\/msnacif\/"]},{"@type":"Person","@id":"https:\/\/msnacif.med.br\/home\/#\/schema\/person\/a0519eecab3cb36429bece6470836d1b","name":"Conectou!","image":{"@type":"ImageObject","inLanguage":"pt-BR","@id":"https:\/\/msnacif.med.br\/home\/#\/schema\/person\/image\/","url":"https:\/\/secure.gravatar.com\/avatar\/52d5b39631fca2c4a23ded565b9d52179fc14b4a1e8c27d6371fa284c21cbe00?s=96&d=mm&r=g","contentUrl":"https:\/\/secure.gravatar.com\/avatar\/52d5b39631fca2c4a23ded565b9d52179fc14b4a1e8c27d6371fa284c21cbe00?s=96&d=mm&r=g","caption":"Conectou!"},"url":"https:\/\/msnacif.med.br\/home\/author\/editor\/"}]}},"_links":{"self":[{"href":"https:\/\/msnacif.med.br\/home\/wp-json\/wp\/v2\/posts\/574","targetHints":{"allow":["GET"]}}],"collection":[{"href":"https:\/\/msnacif.med.br\/home\/wp-json\/wp\/v2\/posts"}],"about":[{"href":"https:\/\/msnacif.med.br\/home\/wp-json\/wp\/v2\/types\/post"}],"author":[{"embeddable":true,"href":"https:\/\/msnacif.med.br\/home\/wp-json\/wp\/v2\/users\/2"}],"replies":[{"embeddable":true,"href":"https:\/\/msnacif.med.br\/home\/wp-json\/wp\/v2\/comments?post=574"}],"version-history":[{"count":5,"href":"https:\/\/msnacif.med.br\/home\/wp-json\/wp\/v2\/posts\/574\/revisions"}],"predecessor-version":[{"id":673,"href":"https:\/\/msnacif.med.br\/home\/wp-json\/wp\/v2\/posts\/574\/revisions\/673"}],"wp:featuredmedia":[{"embeddable":true,"href":"https:\/\/msnacif.med.br\/home\/wp-json\/wp\/v2\/media\/576"}],"wp:attachment":[{"href":"https:\/\/msnacif.med.br\/home\/wp-json\/wp\/v2\/media?parent=574"}],"wp:term":[{"taxonomy":"category","embeddable":true,"href":"https:\/\/msnacif.med.br\/home\/wp-json\/wp\/v2\/categories?post=574"},{"taxonomy":"post_tag","embeddable":true,"href":"https:\/\/msnacif.med.br\/home\/wp-json\/wp\/v2\/tags?post=574"}],"curies":[{"name":"wp","href":"https:\/\/api.w.org\/{rel}","templated":true}]}}