{"id":610,"date":"2026-02-03T14:00:55","date_gmt":"2026-02-03T14:00:55","guid":{"rendered":"https:\/\/msnacif.med.br\/home\/?p=610"},"modified":"2026-03-04T17:57:38","modified_gmt":"2026-03-04T17:57:38","slug":"angiotc-de-coronarias-ccta","status":"publish","type":"post","link":"https:\/\/msnacif.med.br\/home\/angiotc-de-coronarias-ccta\/","title":{"rendered":"angioTC de coron\u00e1rias (CCTA)"},"content":{"rendered":"<p style=\"text-align: justify;\">A angioTC de coron\u00e1rias (CCTA) vem ganhando protagonismo na preven\u00e7\u00e3o prim\u00e1ria porque vai al\u00e9m do escore de c\u00e1lcio: ela identifica placas n\u00e3o calcificadas, muitas vezes invis\u00edveis ao CAC, e que podem representar aterosclerose ativa e risco real mesmo em pessoas classificadas como \u201cbaixo risco\u201d pelos escores tradicionais.<\/p>\n<p style=\"text-align: justify;\"><a href=\"https:\/\/msnacif.med.br\/home\/wp-content\/uploads\/2026\/02\/Ilustracao-1.jpeg\"><img fetchpriority=\"high\" decoding=\"async\" class=\"aligncenter wp-image-611 size-large\" src=\"https:\/\/msnacif.med.br\/home\/wp-content\/uploads\/2026\/02\/Ilustracao-1-796x1024.jpeg\" alt=\"\" width=\"796\" height=\"1024\" srcset=\"https:\/\/msnacif.med.br\/home\/wp-content\/uploads\/2026\/02\/Ilustracao-1-796x1024.jpeg 796w, https:\/\/msnacif.med.br\/home\/wp-content\/uploads\/2026\/02\/Ilustracao-1-233x300.jpeg 233w, https:\/\/msnacif.med.br\/home\/wp-content\/uploads\/2026\/02\/Ilustracao-1-768x987.jpeg 768w, https:\/\/msnacif.med.br\/home\/wp-content\/uploads\/2026\/02\/Ilustracao-1.jpeg 896w\" sizes=\"(max-width: 796px) 100vw, 796px\" \/><\/a><\/p>\n<p style=\"text-align: justify;\">Um grande estudo populacional recente (JAMA), com quase 25 mil indiv\u00edduos de 50 a 64 anos sem doen\u00e7a cardiovascular conhecida e seguimento de aproximadamente 8 anos, mostrou que a presen\u00e7a de placa n\u00e3o calcificada na CCTA se associou a maior risco de primeiro evento coron\u00e1rio e que a inclus\u00e3o dessas informa\u00e7\u00f5es anat\u00f4micas melhorou a predi\u00e7\u00e3o de risco e a reclassifica\u00e7\u00e3o, principalmente entre os pacientes inicialmente rotulados como baixo risco.<\/p>\n<p style=\"text-align: justify;\"><a href=\"https:\/\/msnacif.med.br\/home\/wp-content\/uploads\/2026\/02\/Ilustracao-2.jpeg\"><img decoding=\"async\" class=\"aligncenter wp-image-612 size-large\" src=\"https:\/\/msnacif.med.br\/home\/wp-content\/uploads\/2026\/02\/Ilustracao-2-747x1024.jpeg\" alt=\"\" width=\"747\" height=\"1024\" srcset=\"https:\/\/msnacif.med.br\/home\/wp-content\/uploads\/2026\/02\/Ilustracao-2-747x1024.jpeg 747w, https:\/\/msnacif.med.br\/home\/wp-content\/uploads\/2026\/02\/Ilustracao-2-219x300.jpeg 219w, https:\/\/msnacif.med.br\/home\/wp-content\/uploads\/2026\/02\/Ilustracao-2-768x1052.jpeg 768w, https:\/\/msnacif.med.br\/home\/wp-content\/uploads\/2026\/02\/Ilustracao-2.jpeg 864w\" sizes=\"(max-width: 747px) 100vw, 747px\" \/><\/a><\/p>\n<p style=\"text-align: justify;\">Na pr\u00e1tica, isso muda o jogo: detectar precocemente placas n\u00e3o calcificadas permite \u201cantecipar\u201d o diagn\u00f3stico da doen\u00e7a coron\u00e1ria, individualizar a preven\u00e7\u00e3o e orientar medidas mais assertivas \u2014 especialmente em pacientes que, pelo c\u00e1lcio ou pelo risco cl\u00ednico, poderiam ser falsamente tranquilizados.<\/p>\n<p><img decoding=\"async\" class=\"wp-image-613 aligncenter\" src=\"https:\/\/msnacif.med.br\/home\/wp-content\/uploads\/2026\/02\/WhatsApp-Image-2026-02-02-at-18.51.30.jpeg\" alt=\"\" width=\"800\" height=\"785\" srcset=\"https:\/\/msnacif.med.br\/home\/wp-content\/uploads\/2026\/02\/WhatsApp-Image-2026-02-02-at-18.51.30.jpeg 880w, https:\/\/msnacif.med.br\/home\/wp-content\/uploads\/2026\/02\/WhatsApp-Image-2026-02-02-at-18.51.30-300x294.jpeg 300w, https:\/\/msnacif.med.br\/home\/wp-content\/uploads\/2026\/02\/WhatsApp-Image-2026-02-02-at-18.51.30-768x753.jpeg 768w\" sizes=\"(max-width: 800px) 100vw, 800px\" \/>.<\/p>\n<p style=\"text-align: justify;\"><img loading=\"lazy\" decoding=\"async\" class=\"aligncenter wp-image-614 size-large\" src=\"https:\/\/msnacif.med.br\/home\/wp-content\/uploads\/2026\/02\/WhatsApp-Image-2026-02-02-at-18.51.31-1-1024x527.jpeg\" alt=\"\" width=\"800\" height=\"412\" srcset=\"https:\/\/msnacif.med.br\/home\/wp-content\/uploads\/2026\/02\/WhatsApp-Image-2026-02-02-at-18.51.31-1-1024x527.jpeg 1024w, https:\/\/msnacif.med.br\/home\/wp-content\/uploads\/2026\/02\/WhatsApp-Image-2026-02-02-at-18.51.31-1-300x154.jpeg 300w, https:\/\/msnacif.med.br\/home\/wp-content\/uploads\/2026\/02\/WhatsApp-Image-2026-02-02-at-18.51.31-1-768x395.jpeg 768w, https:\/\/msnacif.med.br\/home\/wp-content\/uploads\/2026\/02\/WhatsApp-Image-2026-02-02-at-18.51.31-1-1536x790.jpeg 1536w, https:\/\/msnacif.med.br\/home\/wp-content\/uploads\/2026\/02\/WhatsApp-Image-2026-02-02-at-18.51.31-1.jpeg 1600w\" sizes=\"(max-width: 800px) 100vw, 800px\" \/>.<\/p>\n<p style=\"text-align: justify;\"><img loading=\"lazy\" decoding=\"async\" class=\"aligncenter wp-image-615 size-large\" src=\"https:\/\/msnacif.med.br\/home\/wp-content\/uploads\/2026\/02\/WhatsApp-Image-2026-02-02-at-18.51.31-2-1024x537.jpeg\" alt=\"\" width=\"800\" height=\"420\" srcset=\"https:\/\/msnacif.med.br\/home\/wp-content\/uploads\/2026\/02\/WhatsApp-Image-2026-02-02-at-18.51.31-2-1024x537.jpeg 1024w, https:\/\/msnacif.med.br\/home\/wp-content\/uploads\/2026\/02\/WhatsApp-Image-2026-02-02-at-18.51.31-2-300x157.jpeg 300w, https:\/\/msnacif.med.br\/home\/wp-content\/uploads\/2026\/02\/WhatsApp-Image-2026-02-02-at-18.51.31-2-768x403.jpeg 768w, https:\/\/msnacif.med.br\/home\/wp-content\/uploads\/2026\/02\/WhatsApp-Image-2026-02-02-at-18.51.31-2-1536x805.jpeg 1536w, https:\/\/msnacif.med.br\/home\/wp-content\/uploads\/2026\/02\/WhatsApp-Image-2026-02-02-at-18.51.31-2.jpeg 1600w\" sizes=\"(max-width: 800px) 100vw, 800px\" \/>.<\/p>\n<p style=\"text-align: justify;\"><img loading=\"lazy\" decoding=\"async\" class=\"aligncenter wp-image-616 size-large\" src=\"https:\/\/msnacif.med.br\/home\/wp-content\/uploads\/2026\/02\/WhatsApp-Image-2026-02-02-at-18.51.31-1024x504.jpeg\" alt=\"\" width=\"800\" height=\"394\" srcset=\"https:\/\/msnacif.med.br\/home\/wp-content\/uploads\/2026\/02\/WhatsApp-Image-2026-02-02-at-18.51.31-1024x504.jpeg 1024w, https:\/\/msnacif.med.br\/home\/wp-content\/uploads\/2026\/02\/WhatsApp-Image-2026-02-02-at-18.51.31-300x148.jpeg 300w, https:\/\/msnacif.med.br\/home\/wp-content\/uploads\/2026\/02\/WhatsApp-Image-2026-02-02-at-18.51.31-768x378.jpeg 768w, https:\/\/msnacif.med.br\/home\/wp-content\/uploads\/2026\/02\/WhatsApp-Image-2026-02-02-at-18.51.31-1536x756.jpeg 1536w, https:\/\/msnacif.med.br\/home\/wp-content\/uploads\/2026\/02\/WhatsApp-Image-2026-02-02-at-18.51.31.jpeg 1593w\" sizes=\"(max-width: 800px) 100vw, 800px\" \/>.<\/p>\n<p style=\"text-align: justify;\"><img loading=\"lazy\" decoding=\"async\" class=\"aligncenter wp-image-617 size-large\" src=\"https:\/\/msnacif.med.br\/home\/wp-content\/uploads\/2026\/02\/WhatsApp-Image-2026-02-02-at-18.51.32-1-1024x529.jpeg\" alt=\"\" width=\"800\" height=\"413\" srcset=\"https:\/\/msnacif.med.br\/home\/wp-content\/uploads\/2026\/02\/WhatsApp-Image-2026-02-02-at-18.51.32-1-1024x529.jpeg 1024w, https:\/\/msnacif.med.br\/home\/wp-content\/uploads\/2026\/02\/WhatsApp-Image-2026-02-02-at-18.51.32-1-300x155.jpeg 300w, https:\/\/msnacif.med.br\/home\/wp-content\/uploads\/2026\/02\/WhatsApp-Image-2026-02-02-at-18.51.32-1-768x396.jpeg 768w, https:\/\/msnacif.med.br\/home\/wp-content\/uploads\/2026\/02\/WhatsApp-Image-2026-02-02-at-18.51.32-1-1536x793.jpeg 1536w, https:\/\/msnacif.med.br\/home\/wp-content\/uploads\/2026\/02\/WhatsApp-Image-2026-02-02-at-18.51.32-1.jpeg 1600w\" sizes=\"(max-width: 800px) 100vw, 800px\" \/>.<\/p>\n<p style=\"text-align: justify;\"><img loading=\"lazy\" decoding=\"async\" class=\"aligncenter wp-image-618 size-large\" src=\"https:\/\/msnacif.med.br\/home\/wp-content\/uploads\/2026\/02\/WhatsApp-Image-2026-02-02-at-18.51.32-1024x827.jpeg\" alt=\"\" width=\"800\" height=\"646\" srcset=\"https:\/\/msnacif.med.br\/home\/wp-content\/uploads\/2026\/02\/WhatsApp-Image-2026-02-02-at-18.51.32-1024x827.jpeg 1024w, https:\/\/msnacif.med.br\/home\/wp-content\/uploads\/2026\/02\/WhatsApp-Image-2026-02-02-at-18.51.32-300x242.jpeg 300w, https:\/\/msnacif.med.br\/home\/wp-content\/uploads\/2026\/02\/WhatsApp-Image-2026-02-02-at-18.51.32-768x620.jpeg 768w, https:\/\/msnacif.med.br\/home\/wp-content\/uploads\/2026\/02\/WhatsApp-Image-2026-02-02-at-18.51.32.jpeg 1060w\" sizes=\"(max-width: 800px) 100vw, 800px\" \/>.<\/p>\n","protected":false},"excerpt":{"rendered":"<p>grande estudo populacional recente (JAMA), com quase 25 mil indiv\u00edduos de 50 a 64 anos sem doen\u00e7a cardiovascular conhecida e seguimento de aproximadamente 8 anos, mostrou que a presen\u00e7a de placa n\u00e3o calcificada na CCTA se &#8230;<\/p>\n","protected":false},"author":2,"featured_media":619,"comment_status":"open","ping_status":"open","sticky":false,"template":"","format":"standard","meta":{"_joinchat":[],"footnotes":""},"categories":[11,1],"tags":[],"class_list":["post-610","post","type-post","status-publish","format-standard","has-post-thumbnail","hentry","category-blog","category-uncategorized"],"yoast_head":"<!-- This site is optimized with the Yoast SEO plugin v27.1.1 - https:\/\/yoast.com\/product\/yoast-seo-wordpress\/ -->\n<title>angioTC de coron\u00e1rias (CCTA) - Dr. Marcelo Nacif<\/title>\n<meta name=\"description\" content=\"grande estudo populacional recente (JAMA), com quase 25 mil indiv\u00edduos de 50 a 64 anos sem doen\u00e7a cardiovascular conhecida e seguimento de aproximadamente 8 anos, mostrou que a presen\u00e7a de placa n\u00e3o calcificada na CCTA se ...\" \/>\n<meta name=\"robots\" content=\"index, follow, max-snippet:-1, max-image-preview:large, max-video-preview:-1\" \/>\n<link rel=\"canonical\" href=\"https:\/\/msnacif.med.br\/home\/angiotc-de-coronarias-ccta\/\" \/>\n<meta property=\"og:locale\" content=\"pt_BR\" \/>\n<meta property=\"og:type\" content=\"article\" \/>\n<meta property=\"og:title\" content=\"angioTC de coron\u00e1rias (CCTA) - Dr. Marcelo Nacif\" \/>\n<meta property=\"og:description\" content=\"grande estudo populacional recente (JAMA), com quase 25 mil indiv\u00edduos de 50 a 64 anos sem doen\u00e7a cardiovascular conhecida e seguimento de aproximadamente 8 anos, mostrou que a presen\u00e7a de placa n\u00e3o calcificada na CCTA se ...\" \/>\n<meta property=\"og:url\" content=\"https:\/\/msnacif.med.br\/home\/angiotc-de-coronarias-ccta\/\" \/>\n<meta property=\"og:site_name\" content=\"Dr. Marcelo Nacif\" \/>\n<meta property=\"article:published_time\" content=\"2026-02-03T14:00:55+00:00\" \/>\n<meta property=\"article:modified_time\" content=\"2026-03-04T17:57:38+00:00\" \/>\n<meta property=\"og:image\" content=\"https:\/\/msnacif.med.br\/home\/wp-content\/uploads\/2026\/02\/WhatsApp-Image-2026-02-02-at-18.51.56.jpeg\" \/>\n\t<meta property=\"og:image:width\" content=\"949\" \/>\n\t<meta property=\"og:image:height\" content=\"1280\" \/>\n\t<meta property=\"og:image:type\" content=\"image\/jpeg\" \/>\n<meta name=\"author\" content=\"Conectou!\" \/>\n<meta name=\"twitter:card\" content=\"summary_large_image\" \/>\n<meta name=\"twitter:label1\" content=\"Escrito por\" \/>\n\t<meta name=\"twitter:data1\" content=\"Conectou!\" \/>\n\t<meta name=\"twitter:label2\" content=\"Est. tempo de leitura\" \/>\n\t<meta name=\"twitter:data2\" content=\"3 minutos\" \/>\n<script type=\"application\/ld+json\" class=\"yoast-schema-graph\">{\"@context\":\"https:\/\/schema.org\",\"@graph\":[{\"@type\":\"Article\",\"@id\":\"https:\/\/msnacif.med.br\/home\/angiotc-de-coronarias-ccta\/#article\",\"isPartOf\":{\"@id\":\"https:\/\/msnacif.med.br\/home\/angiotc-de-coronarias-ccta\/\"},\"author\":{\"name\":\"Conectou!\",\"@id\":\"https:\/\/msnacif.med.br\/home\/#\/schema\/person\/a0519eecab3cb36429bece6470836d1b\"},\"headline\":\"angioTC de coron\u00e1rias (CCTA)\",\"datePublished\":\"2026-02-03T14:00:55+00:00\",\"dateModified\":\"2026-03-04T17:57:38+00:00\",\"mainEntityOfPage\":{\"@id\":\"https:\/\/msnacif.med.br\/home\/angiotc-de-coronarias-ccta\/\"},\"wordCount\":182,\"commentCount\":0,\"publisher\":{\"@id\":\"https:\/\/msnacif.med.br\/home\/#organization\"},\"image\":{\"@id\":\"https:\/\/msnacif.med.br\/home\/angiotc-de-coronarias-ccta\/#primaryimage\"},\"thumbnailUrl\":\"https:\/\/msnacif.med.br\/home\/wp-content\/uploads\/2026\/02\/WhatsApp-Image-2026-02-02-at-18.51.56.jpeg\",\"articleSection\":[\"Blog\",\"Uncategorized\"],\"inLanguage\":\"pt-BR\",\"potentialAction\":[{\"@type\":\"CommentAction\",\"name\":\"Comment\",\"target\":[\"https:\/\/msnacif.med.br\/home\/angiotc-de-coronarias-ccta\/#respond\"]}]},{\"@type\":\"WebPage\",\"@id\":\"https:\/\/msnacif.med.br\/home\/angiotc-de-coronarias-ccta\/\",\"url\":\"https:\/\/msnacif.med.br\/home\/angiotc-de-coronarias-ccta\/\",\"name\":\"angioTC de coron\u00e1rias (CCTA) - Dr. Marcelo Nacif\",\"isPartOf\":{\"@id\":\"https:\/\/msnacif.med.br\/home\/#website\"},\"primaryImageOfPage\":{\"@id\":\"https:\/\/msnacif.med.br\/home\/angiotc-de-coronarias-ccta\/#primaryimage\"},\"image\":{\"@id\":\"https:\/\/msnacif.med.br\/home\/angiotc-de-coronarias-ccta\/#primaryimage\"},\"thumbnailUrl\":\"https:\/\/msnacif.med.br\/home\/wp-content\/uploads\/2026\/02\/WhatsApp-Image-2026-02-02-at-18.51.56.jpeg\",\"datePublished\":\"2026-02-03T14:00:55+00:00\",\"dateModified\":\"2026-03-04T17:57:38+00:00\",\"description\":\"grande estudo populacional recente (JAMA), com quase 25 mil indiv\u00edduos de 50 a 64 anos sem doen\u00e7a cardiovascular conhecida e seguimento de aproximadamente 8 anos, mostrou que a presen\u00e7a de placa n\u00e3o calcificada na CCTA se ...\",\"breadcrumb\":{\"@id\":\"https:\/\/msnacif.med.br\/home\/angiotc-de-coronarias-ccta\/#breadcrumb\"},\"inLanguage\":\"pt-BR\",\"potentialAction\":[{\"@type\":\"ReadAction\",\"target\":[\"https:\/\/msnacif.med.br\/home\/angiotc-de-coronarias-ccta\/\"]}]},{\"@type\":\"ImageObject\",\"inLanguage\":\"pt-BR\",\"@id\":\"https:\/\/msnacif.med.br\/home\/angiotc-de-coronarias-ccta\/#primaryimage\",\"url\":\"https:\/\/msnacif.med.br\/home\/wp-content\/uploads\/2026\/02\/WhatsApp-Image-2026-02-02-at-18.51.56.jpeg\",\"contentUrl\":\"https:\/\/msnacif.med.br\/home\/wp-content\/uploads\/2026\/02\/WhatsApp-Image-2026-02-02-at-18.51.56.jpeg\",\"width\":949,\"height\":1280},{\"@type\":\"BreadcrumbList\",\"@id\":\"https:\/\/msnacif.med.br\/home\/angiotc-de-coronarias-ccta\/#breadcrumb\",\"itemListElement\":[{\"@type\":\"ListItem\",\"position\":1,\"name\":\"In\u00edcio\",\"item\":\"https:\/\/msnacif.med.br\/home\/\"},{\"@type\":\"ListItem\",\"position\":2,\"name\":\"angioTC de coron\u00e1rias (CCTA)\"}]},{\"@type\":\"WebSite\",\"@id\":\"https:\/\/msnacif.med.br\/home\/#website\",\"url\":\"https:\/\/msnacif.med.br\/home\/\",\"name\":\"Dr. Marcelo Nacif\",\"description\":\"Especialista em Diagn\u00f3stico por Imagem\",\"publisher\":{\"@id\":\"https:\/\/msnacif.med.br\/home\/#organization\"},\"potentialAction\":[{\"@type\":\"SearchAction\",\"target\":{\"@type\":\"EntryPoint\",\"urlTemplate\":\"https:\/\/msnacif.med.br\/home\/?s={search_term_string}\"},\"query-input\":{\"@type\":\"PropertyValueSpecification\",\"valueRequired\":true,\"valueName\":\"search_term_string\"}}],\"inLanguage\":\"pt-BR\"},{\"@type\":\"Organization\",\"@id\":\"https:\/\/msnacif.med.br\/home\/#organization\",\"name\":\"Dr. Marcelo Nacif\",\"url\":\"https:\/\/msnacif.med.br\/home\/\",\"logo\":{\"@type\":\"ImageObject\",\"inLanguage\":\"pt-BR\",\"@id\":\"https:\/\/msnacif.med.br\/home\/#\/schema\/logo\/image\/\",\"url\":\"https:\/\/msnacif.med.br\/home\/wp-content\/uploads\/2025\/03\/logoMN.png\",\"contentUrl\":\"https:\/\/msnacif.med.br\/home\/wp-content\/uploads\/2025\/03\/logoMN.png\",\"width\":224,\"height\":148,\"caption\":\"Dr. Marcelo Nacif\"},\"image\":{\"@id\":\"https:\/\/msnacif.med.br\/home\/#\/schema\/logo\/image\/\"},\"sameAs\":[\"https:\/\/www.instagram.com\/msnacif\/\"]},{\"@type\":\"Person\",\"@id\":\"https:\/\/msnacif.med.br\/home\/#\/schema\/person\/a0519eecab3cb36429bece6470836d1b\",\"name\":\"Conectou!\",\"image\":{\"@type\":\"ImageObject\",\"inLanguage\":\"pt-BR\",\"@id\":\"https:\/\/msnacif.med.br\/home\/#\/schema\/person\/image\/\",\"url\":\"https:\/\/secure.gravatar.com\/avatar\/52d5b39631fca2c4a23ded565b9d52179fc14b4a1e8c27d6371fa284c21cbe00?s=96&d=mm&r=g\",\"contentUrl\":\"https:\/\/secure.gravatar.com\/avatar\/52d5b39631fca2c4a23ded565b9d52179fc14b4a1e8c27d6371fa284c21cbe00?s=96&d=mm&r=g\",\"caption\":\"Conectou!\"},\"url\":\"https:\/\/msnacif.med.br\/home\/author\/editor\/\"}]}<\/script>\n<!-- \/ Yoast SEO plugin. -->","yoast_head_json":{"title":"angioTC de coron\u00e1rias (CCTA) - Dr. Marcelo Nacif","description":"grande estudo populacional recente (JAMA), com quase 25 mil indiv\u00edduos de 50 a 64 anos sem doen\u00e7a cardiovascular conhecida e seguimento de aproximadamente 8 anos, mostrou que a presen\u00e7a de placa n\u00e3o calcificada na CCTA se ...","robots":{"index":"index","follow":"follow","max-snippet":"max-snippet:-1","max-image-preview":"max-image-preview:large","max-video-preview":"max-video-preview:-1"},"canonical":"https:\/\/msnacif.med.br\/home\/angiotc-de-coronarias-ccta\/","og_locale":"pt_BR","og_type":"article","og_title":"angioTC de coron\u00e1rias (CCTA) - Dr. Marcelo Nacif","og_description":"grande estudo populacional recente (JAMA), com quase 25 mil indiv\u00edduos de 50 a 64 anos sem doen\u00e7a cardiovascular conhecida e seguimento de aproximadamente 8 anos, mostrou que a presen\u00e7a de placa n\u00e3o calcificada na CCTA se ...","og_url":"https:\/\/msnacif.med.br\/home\/angiotc-de-coronarias-ccta\/","og_site_name":"Dr. Marcelo Nacif","article_published_time":"2026-02-03T14:00:55+00:00","article_modified_time":"2026-03-04T17:57:38+00:00","og_image":[{"width":949,"height":1280,"url":"https:\/\/msnacif.med.br\/home\/wp-content\/uploads\/2026\/02\/WhatsApp-Image-2026-02-02-at-18.51.56.jpeg","type":"image\/jpeg"}],"author":"Conectou!","twitter_card":"summary_large_image","twitter_misc":{"Escrito por":"Conectou!","Est. tempo de leitura":"3 minutos"},"schema":{"@context":"https:\/\/schema.org","@graph":[{"@type":"Article","@id":"https:\/\/msnacif.med.br\/home\/angiotc-de-coronarias-ccta\/#article","isPartOf":{"@id":"https:\/\/msnacif.med.br\/home\/angiotc-de-coronarias-ccta\/"},"author":{"name":"Conectou!","@id":"https:\/\/msnacif.med.br\/home\/#\/schema\/person\/a0519eecab3cb36429bece6470836d1b"},"headline":"angioTC de coron\u00e1rias (CCTA)","datePublished":"2026-02-03T14:00:55+00:00","dateModified":"2026-03-04T17:57:38+00:00","mainEntityOfPage":{"@id":"https:\/\/msnacif.med.br\/home\/angiotc-de-coronarias-ccta\/"},"wordCount":182,"commentCount":0,"publisher":{"@id":"https:\/\/msnacif.med.br\/home\/#organization"},"image":{"@id":"https:\/\/msnacif.med.br\/home\/angiotc-de-coronarias-ccta\/#primaryimage"},"thumbnailUrl":"https:\/\/msnacif.med.br\/home\/wp-content\/uploads\/2026\/02\/WhatsApp-Image-2026-02-02-at-18.51.56.jpeg","articleSection":["Blog","Uncategorized"],"inLanguage":"pt-BR","potentialAction":[{"@type":"CommentAction","name":"Comment","target":["https:\/\/msnacif.med.br\/home\/angiotc-de-coronarias-ccta\/#respond"]}]},{"@type":"WebPage","@id":"https:\/\/msnacif.med.br\/home\/angiotc-de-coronarias-ccta\/","url":"https:\/\/msnacif.med.br\/home\/angiotc-de-coronarias-ccta\/","name":"angioTC de coron\u00e1rias (CCTA) - Dr. Marcelo Nacif","isPartOf":{"@id":"https:\/\/msnacif.med.br\/home\/#website"},"primaryImageOfPage":{"@id":"https:\/\/msnacif.med.br\/home\/angiotc-de-coronarias-ccta\/#primaryimage"},"image":{"@id":"https:\/\/msnacif.med.br\/home\/angiotc-de-coronarias-ccta\/#primaryimage"},"thumbnailUrl":"https:\/\/msnacif.med.br\/home\/wp-content\/uploads\/2026\/02\/WhatsApp-Image-2026-02-02-at-18.51.56.jpeg","datePublished":"2026-02-03T14:00:55+00:00","dateModified":"2026-03-04T17:57:38+00:00","description":"grande estudo populacional recente (JAMA), com quase 25 mil indiv\u00edduos de 50 a 64 anos sem doen\u00e7a cardiovascular conhecida e seguimento de aproximadamente 8 anos, mostrou que a presen\u00e7a de placa n\u00e3o calcificada na CCTA se ...","breadcrumb":{"@id":"https:\/\/msnacif.med.br\/home\/angiotc-de-coronarias-ccta\/#breadcrumb"},"inLanguage":"pt-BR","potentialAction":[{"@type":"ReadAction","target":["https:\/\/msnacif.med.br\/home\/angiotc-de-coronarias-ccta\/"]}]},{"@type":"ImageObject","inLanguage":"pt-BR","@id":"https:\/\/msnacif.med.br\/home\/angiotc-de-coronarias-ccta\/#primaryimage","url":"https:\/\/msnacif.med.br\/home\/wp-content\/uploads\/2026\/02\/WhatsApp-Image-2026-02-02-at-18.51.56.jpeg","contentUrl":"https:\/\/msnacif.med.br\/home\/wp-content\/uploads\/2026\/02\/WhatsApp-Image-2026-02-02-at-18.51.56.jpeg","width":949,"height":1280},{"@type":"BreadcrumbList","@id":"https:\/\/msnacif.med.br\/home\/angiotc-de-coronarias-ccta\/#breadcrumb","itemListElement":[{"@type":"ListItem","position":1,"name":"In\u00edcio","item":"https:\/\/msnacif.med.br\/home\/"},{"@type":"ListItem","position":2,"name":"angioTC de coron\u00e1rias (CCTA)"}]},{"@type":"WebSite","@id":"https:\/\/msnacif.med.br\/home\/#website","url":"https:\/\/msnacif.med.br\/home\/","name":"Dr. Marcelo Nacif","description":"Especialista em Diagn\u00f3stico por Imagem","publisher":{"@id":"https:\/\/msnacif.med.br\/home\/#organization"},"potentialAction":[{"@type":"SearchAction","target":{"@type":"EntryPoint","urlTemplate":"https:\/\/msnacif.med.br\/home\/?s={search_term_string}"},"query-input":{"@type":"PropertyValueSpecification","valueRequired":true,"valueName":"search_term_string"}}],"inLanguage":"pt-BR"},{"@type":"Organization","@id":"https:\/\/msnacif.med.br\/home\/#organization","name":"Dr. Marcelo Nacif","url":"https:\/\/msnacif.med.br\/home\/","logo":{"@type":"ImageObject","inLanguage":"pt-BR","@id":"https:\/\/msnacif.med.br\/home\/#\/schema\/logo\/image\/","url":"https:\/\/msnacif.med.br\/home\/wp-content\/uploads\/2025\/03\/logoMN.png","contentUrl":"https:\/\/msnacif.med.br\/home\/wp-content\/uploads\/2025\/03\/logoMN.png","width":224,"height":148,"caption":"Dr. Marcelo Nacif"},"image":{"@id":"https:\/\/msnacif.med.br\/home\/#\/schema\/logo\/image\/"},"sameAs":["https:\/\/www.instagram.com\/msnacif\/"]},{"@type":"Person","@id":"https:\/\/msnacif.med.br\/home\/#\/schema\/person\/a0519eecab3cb36429bece6470836d1b","name":"Conectou!","image":{"@type":"ImageObject","inLanguage":"pt-BR","@id":"https:\/\/msnacif.med.br\/home\/#\/schema\/person\/image\/","url":"https:\/\/secure.gravatar.com\/avatar\/52d5b39631fca2c4a23ded565b9d52179fc14b4a1e8c27d6371fa284c21cbe00?s=96&d=mm&r=g","contentUrl":"https:\/\/secure.gravatar.com\/avatar\/52d5b39631fca2c4a23ded565b9d52179fc14b4a1e8c27d6371fa284c21cbe00?s=96&d=mm&r=g","caption":"Conectou!"},"url":"https:\/\/msnacif.med.br\/home\/author\/editor\/"}]}},"_links":{"self":[{"href":"https:\/\/msnacif.med.br\/home\/wp-json\/wp\/v2\/posts\/610","targetHints":{"allow":["GET"]}}],"collection":[{"href":"https:\/\/msnacif.med.br\/home\/wp-json\/wp\/v2\/posts"}],"about":[{"href":"https:\/\/msnacif.med.br\/home\/wp-json\/wp\/v2\/types\/post"}],"author":[{"embeddable":true,"href":"https:\/\/msnacif.med.br\/home\/wp-json\/wp\/v2\/users\/2"}],"replies":[{"embeddable":true,"href":"https:\/\/msnacif.med.br\/home\/wp-json\/wp\/v2\/comments?post=610"}],"version-history":[{"count":5,"href":"https:\/\/msnacif.med.br\/home\/wp-json\/wp\/v2\/posts\/610\/revisions"}],"predecessor-version":[{"id":670,"href":"https:\/\/msnacif.med.br\/home\/wp-json\/wp\/v2\/posts\/610\/revisions\/670"}],"wp:featuredmedia":[{"embeddable":true,"href":"https:\/\/msnacif.med.br\/home\/wp-json\/wp\/v2\/media\/619"}],"wp:attachment":[{"href":"https:\/\/msnacif.med.br\/home\/wp-json\/wp\/v2\/media?parent=610"}],"wp:term":[{"taxonomy":"category","embeddable":true,"href":"https:\/\/msnacif.med.br\/home\/wp-json\/wp\/v2\/categories?post=610"},{"taxonomy":"post_tag","embeddable":true,"href":"https:\/\/msnacif.med.br\/home\/wp-json\/wp\/v2\/tags?post=610"}],"curies":[{"name":"wp","href":"https:\/\/api.w.org\/{rel}","templated":true}]}}