{"id":731,"date":"2026-04-23T19:07:41","date_gmt":"2026-04-23T19:07:41","guid":{"rendered":"https:\/\/msnacif.med.br\/home\/?p=731"},"modified":"2026-04-23T19:10:24","modified_gmt":"2026-04-23T19:10:24","slug":"ressonancia-magnetica-de-corpo-inteiro","status":"publish","type":"post","link":"https:\/\/msnacif.med.br\/home\/ressonancia-magnetica-de-corpo-inteiro\/","title":{"rendered":"Resson\u00e2ncia magn\u00e9tica de corpo inteiro"},"content":{"rendered":"<p style=\"text-align: justify;\">A resson\u00e2ncia magn\u00e9tica de corpo inteiro (RM de corpo inteiro, ou WB-MRI) se consolidou como uma das ferramentas mais relevantes da imagem oncol\u00f3gica moderna. Trata-se de um m\u00e9todo sem radia\u00e7\u00e3o ionizante, com excelente contraste tecidual e grande sensibilidade para detectar doen\u00e7a em m\u00faltiplos segmentos do corpo. No entanto, embora o nome do exame seja o mesmo, seu papel muda de forma importante conforme a indica\u00e7\u00e3o cl\u00ednica. Isso fica especialmente claro quando comparamos sua aplica\u00e7\u00e3o na hematologia, particularmente no mieloma m\u00faltiplo, com seu uso na oncologia de vigil\u00e2ncia, como no rastreio de pacientes com s\u00edndrome de Li-Fraumeni.<\/p>\n<p style=\"text-align: justify;\">No mieloma m\u00faltiplo, a RM de corpo inteiro \u00e9 um exame desenhado principalmente para avaliar a medula \u00f3ssea e o esqueleto, identificando infiltra\u00e7\u00e3o difusa, les\u00f5es focais, comprometimento cortical, doen\u00e7a paramedular e, em alguns casos, extens\u00e3o extramedular. Nessa situa\u00e7\u00e3o, o exame faz parte do racioc\u00ednio diagn\u00f3stico, do estadiamento e tamb\u00e9m da avalia\u00e7\u00e3o de resposta terap\u00eautica, com protocolos estruturados dentro da l\u00f3gica do MY-RADS, que padroniza aquisi\u00e7\u00e3o, interpreta\u00e7\u00e3o e seguimento.<\/p>\n<p style=\"text-align: justify;\">J\u00e1 na oncologia heredit\u00e1ria, especialmente na s\u00edndrome de Li-Fraumeni, o objetivo \u00e9 diferente. Aqui, a RM de corpo inteiro entra como ferramenta de vigil\u00e2ncia global, buscando tumores em fase inicial em diversos \u00f3rg\u00e3os e tecidos, incluindo sarcomas \u00f3sseos, sarcomas de partes moles e neoplasias viscerais. As recomenda\u00e7\u00f5es atuais mant\u00eam a RM de corpo inteiro anual como componente central do programa de rastreamento desses pacientes, em geral associada tamb\u00e9m \u00e0 RM de enc\u00e9falo anual.<\/p>\n<p style=\"text-align: justify;\">Essa diferen\u00e7a de finalidade muda tudo: muda o protocolo, muda o peso das sequ\u00eancias e muda a forma como o radiologista l\u00ea o exame. No mieloma, a pergunta principal \u00e9: h\u00e1 infiltra\u00e7\u00e3o medular? Quantas les\u00f5es existem? H\u00e1 resposta ao tratamento? No Li-Fraumeni, a pergunta \u00e9 outra: h\u00e1 alguma massa suspeita em qualquer parte do corpo? Em um cen\u00e1rio, o exame \u00e9 medula-centrado; no outro, ele \u00e9 rastreamento-centrado.<\/p>\n<p><img fetchpriority=\"high\" decoding=\"async\" class=\"alignnone wp-image-736\" src=\"https:\/\/msnacif.med.br\/home\/wp-content\/uploads\/2026\/04\/WhatsApp-Image-2026-04-22-at-21.50.06.jpeg\" alt=\"\" width=\"262\" height=\"628\" \/> <img decoding=\"async\" class=\"alignnone wp-image-735\" src=\"https:\/\/msnacif.med.br\/home\/wp-content\/uploads\/2026\/04\/WhatsApp-Image-2026-04-22-at-21.49.12.jpeg\" alt=\"\" width=\"299\" height=\"628\" srcset=\"https:\/\/msnacif.med.br\/home\/wp-content\/uploads\/2026\/04\/WhatsApp-Image-2026-04-22-at-21.49.12.jpeg 384w, https:\/\/msnacif.med.br\/home\/wp-content\/uploads\/2026\/04\/WhatsApp-Image-2026-04-22-at-21.49.12-143x300.jpeg 143w\" sizes=\"(max-width: 299px) 100vw, 299px\" \/> <img decoding=\"async\" class=\"alignnone wp-image-733\" src=\"https:\/\/msnacif.med.br\/home\/wp-content\/uploads\/2026\/04\/WhatsApp-Image-2026-04-22-at-21.49.10.jpeg\" alt=\"\" width=\"284\" height=\"627\" srcset=\"https:\/\/msnacif.med.br\/home\/wp-content\/uploads\/2026\/04\/WhatsApp-Image-2026-04-22-at-21.49.10.jpeg 386w, https:\/\/msnacif.med.br\/home\/wp-content\/uploads\/2026\/04\/WhatsApp-Image-2026-04-22-at-21.49.10-136x300.jpeg 136w\" sizes=\"(max-width: 284px) 100vw, 284px\" \/><\/p>\n<h4 style=\"text-align: justify;\"><span style=\"color: #1f4d78;\">Quando a RM de corpo inteiro \u00e9 usada na hematologia<\/span><\/h4>\n<p style=\"text-align: justify;\">Na pr\u00e1tica hematol\u00f3gica, especialmente no mieloma m\u00faltiplo, a RM de corpo inteiro \u00e9 extremamente \u00fatil para detectar doen\u00e7a que pode n\u00e3o ser suficientemente caracterizada por outros m\u00e9todos. O exame valoriza muito a medula \u00f3ssea, e por isso as sequ\u00eancias de difus\u00e3o (DWI) e os mapas ADC t\u00eam papel central. A difus\u00e3o ajuda tanto na detec\u00e7\u00e3o de les\u00f5es focais quanto na avalia\u00e7\u00e3o de atividade de doen\u00e7a e de resposta terap\u00eautica, motivo pelo qual ela se tornou uma das bases do protocolo contempor\u00e2neo de mieloma.<\/p>\n<p style=\"text-align: justify;\">Al\u00e9m da difus\u00e3o, as sequ\u00eancias T1 e STIR s\u00e3o fundamentais para mapear substitui\u00e7\u00e3o medular, edema, infiltra\u00e7\u00e3o e altera\u00e7\u00f5es estruturais do esqueleto axial e apendicular. O exame, portanto, n\u00e3o \u00e9 apenas uma \u201cvarredura do corpo\u201d, mas um m\u00e9todo especializado para responder a perguntas muito espec\u00edficas da doen\u00e7a hematol\u00f3gica.<\/p>\n<h4 style=\"text-align: justify;\"><strong><span style=\"color: #1f4d78;\">Quando a RM de corpo inteiro \u00e9 usada na oncologia<\/span><\/strong><\/h4>\n<p style=\"text-align: justify;\">Na oncologia, sobretudo nos programas de rastreio de pacientes de alto risco, como os portadores de s\u00edndrome de Li-Fraumeni, a RM de corpo inteiro funciona como uma estrat\u00e9gia de detec\u00e7\u00e3o precoce de tumores s\u00f3lidos. O racioc\u00ednio deixa de ser centrado na medula e passa a ser global, incluindo ossos, partes moles, abdome, pelve e outros \u00f3rg\u00e3os.<\/p>\n<p style=\"text-align: justify;\">Nessa aplica\u00e7\u00e3o, a RM de corpo inteiro costuma privilegiar uma leitura anat\u00f4mica ampla, em busca de massas suspeitas, assimetrias, les\u00f5es agressivas e altera\u00e7\u00f5es que justifiquem investiga\u00e7\u00e3o dirigida. Muitos centros utilizam protocolos com T1 e STIR de corpo inteiro, frequentemente associados \u00e0 difus\u00e3o, mas a l\u00f3gica n\u00e3o \u00e9 a de quantificar infiltra\u00e7\u00e3o medular, e sim a de ampliar a sensibilidade do rastreamento global. Em v\u00e1rias s\u00e9ries contempor\u00e2neas de vigil\u00e2ncia em Li-Fraumeni, o exame \u00e9 realizado sem contraste e de forma peri\u00f3dica, justamente para permitir seguimento longitudinal seguro e repetido.<\/p>\n<h4 style=\"text-align: justify;\"><strong><span style=\"color: #1f4d78;\">Principais diferen\u00e7as entre as sequ\u00eancias e o foco de cada protocolo<\/span><\/strong><\/h4>\n<table style=\"border-style: solid; border-color: #000000; width: 73.0239%; height: 839px;\" border=\"1\">\n<tbody>\n<tr>\n<td style=\"background-color: #daeaf7;\"><b>Aspecto<\/b><\/td>\n<td style=\"background-color: #daeaf7;\"><b>RM corpo inteiro no mieloma m\u00faltiplo<\/b><\/td>\n<td style=\"background-color: #daeaf7;\"><b>RM corpo inteiro no rastreio oncol\u00f3gico \/ Li-Fraumeni<\/b><\/td>\n<\/tr>\n<tr>\n<td><span style=\"font-weight: 400;\">Objetivo principal<\/span><\/td>\n<td><span style=\"font-weight: 400;\">Avaliar medula \u00f3ssea, les\u00f5es focais, infiltra\u00e7\u00e3o difusa e resposta terap\u00eautica<\/span><\/td>\n<td><span style=\"font-weight: 400;\">Detectar tumores s\u00f3lidos em m\u00faltiplos \u00f3rg\u00e3os e tecidos<\/span><\/td>\n<\/tr>\n<tr>\n<td><span style=\"font-weight: 400;\">Foco anat\u00f4mico<\/span><\/td>\n<td><span style=\"font-weight: 400;\">Esqueleto axial e apendicular, medula \u00f3ssea, cortical e doen\u00e7a extramedular<\/span><\/td>\n<td><span style=\"font-weight: 400;\">Corpo inteiro com aten\u00e7\u00e3o distribu\u00edda entre ossos, partes moles e v\u00edsceras<\/span><\/td>\n<\/tr>\n<tr>\n<td><span style=\"font-weight: 400;\">Sequ\u00eancia T1<\/span><\/td>\n<td><span style=\"font-weight: 400;\">Muito importante para avaliar substitui\u00e7\u00e3o medular e padr\u00e3o de infiltra\u00e7\u00e3o<\/span><\/td>\n<td><span style=\"font-weight: 400;\">Importante para anatomia global e caracteriza\u00e7\u00e3o morfol\u00f3gica geral<\/span><\/td>\n<\/tr>\n<tr>\n<td><span style=\"font-weight: 400;\">Sequ\u00eancia STIR \/ T2 com supress\u00e3o de gordura<\/span><\/td>\n<td><span style=\"font-weight: 400;\">Muito importante para destacar les\u00f5es \u00f3sseas e medulares<\/span><\/td>\n<td><span style=\"font-weight: 400;\">Muito importante para rastreio de massas e les\u00f5es de partes moles<\/span><\/td>\n<\/tr>\n<tr>\n<td><span style=\"font-weight: 400;\">Difus\u00e3o (DWI)<\/span><\/td>\n<td><span style=\"font-weight: 400;\">Central no protocolo; chave para detec\u00e7\u00e3o e resposta<\/span><\/td>\n<td><span style=\"font-weight: 400;\">\u00datil e frequentemente inclu\u00edda, com foco em aumentar a sensibilidade do screening<\/span><\/td>\n<\/tr>\n<tr>\n<td><span style=\"font-weight: 400;\">Mapa ADC<\/span><\/td>\n<td><span style=\"font-weight: 400;\">Relevante para atividade de doen\u00e7a e seguimento<\/span><\/td>\n<td><span style=\"font-weight: 400;\">Mais complementar; menos quantitativo do que no mieloma<\/span><\/td>\n<\/tr>\n<tr>\n<td><span style=\"font-weight: 400;\">Cobertura da coluna<\/span><\/td>\n<td><span style=\"font-weight: 400;\">Grande \u00eanfase, inclusive em sagital, pelo papel da coluna no mieloma<\/span><\/td>\n<td><span style=\"font-weight: 400;\">Inclu\u00edda na avalia\u00e7\u00e3o global, sem protagonismo espec\u00edfico<\/span><\/td>\n<\/tr>\n<tr>\n<td><span style=\"font-weight: 400;\">Partes moles<\/span><\/td>\n<td><span style=\"font-weight: 400;\">Avaliadas principalmente para extens\u00e3o paramedular\/extramedular<\/span><\/td>\n<td><span style=\"font-weight: 400;\">Avalia\u00e7\u00e3o central, principalmente para sarcomas<\/span><\/td>\n<\/tr>\n<tr>\n<td><span style=\"font-weight: 400;\">V\u00edsceras<\/span><\/td>\n<td><span style=\"font-weight: 400;\">Papel secund\u00e1rio<\/span><\/td>\n<td><span style=\"font-weight: 400;\">Papel importante, j\u00e1 que o rastreio busca tamb\u00e9m tumores viscerais<\/span><\/td>\n<\/tr>\n<tr>\n<td><span style=\"font-weight: 400;\">Contraste<\/span><\/td>\n<td><span style=\"font-weight: 400;\">Muitas vezes dispens\u00e1vel no protocolo de corpo inteiro padr\u00e3o<\/span><\/td>\n<td><span style=\"font-weight: 400;\">Em geral evitado no rastreio seriado; achados suspeitos podem motivar estudo segmentar complementar<\/span><\/td>\n<\/tr>\n<tr>\n<td><span style=\"font-weight: 400;\">Modelo de interpreta\u00e7\u00e3o<\/span><\/td>\n<td><span style=\"font-weight: 400;\">Estruturado, frequentemente baseado em MY-RADS<\/span><\/td>\n<td><span style=\"font-weight: 400;\">Vigil\u00e2ncia global, baseada em identifica\u00e7\u00e3o precoce de les\u00f5es suspeitas<\/span><\/td>\n<\/tr>\n<tr>\n<td><span style=\"font-weight: 400;\">Periodicidade<\/span><\/td>\n<td><span style=\"font-weight: 400;\">Conforme diagn\u00f3stico, estadiamento e resposta terap\u00eautica<\/span><\/td>\n<td><span style=\"font-weight: 400;\">Geralmente anual no Li-Fraumeni<\/span><\/td>\n<\/tr>\n<\/tbody>\n<\/table>\n<p style=\"text-align: justify;\"><span style=\"font-weight: 400;\">Essas diferen\u00e7as mostram que a RM de corpo inteiro n\u00e3o deve ser vista como um exame \u00fanico e gen\u00e9rico. Ela \u00e9, na verdade, uma plataforma de imagem extremamente vers\u00e1til, cujo verdadeiro valor depende da indica\u00e7\u00e3o correta, do protocolo adequado e da pergunta cl\u00ednica bem definida. No mieloma, a prioridade \u00e9 compreender a distribui\u00e7\u00e3o e a atividade da doen\u00e7a medular. No Li-Fraumeni, a miss\u00e3o \u00e9 procurar precocemente um tumor potencialmente silencioso em qualquer parte do corpo.<\/span><\/p>\n<h4 style=\"text-align: justify;\"><span style=\"color: #1f4d78;\"><b>Conclus\u00e3o<\/b><\/span><\/h4>\n<p style=\"text-align: justify;\"><span style=\"font-weight: 400;\">A RM de corpo inteiro ocupa hoje um espa\u00e7o de destaque tanto na hematologia quanto na oncologia, mas por raz\u00f5es diferentes. No mieloma m\u00faltiplo, ela \u00e9 uma ferramenta refinada para diagn\u00f3stico e monitoramento da doen\u00e7a \u00f3ssea e medular. Na oncologia heredit\u00e1ria, como na s\u00edndrome de Li-Fraumeni, ela assume um papel de vigil\u00e2ncia ampla, buscando antecipar o diagn\u00f3stico de tumores potencialmente agressivos. Entender essa diferen\u00e7a \u00e9 essencial para protocolar melhor, interpretar com mais precis\u00e3o e oferecer ao paciente o exame certo, com a estrat\u00e9gia certa.<\/span><\/p>\n<h4 style=\"text-align: justify;\"><span style=\"color: #1f4d78;\"><b>Refer\u00eancias:<\/b><\/span><\/h4>\n<p style=\"text-align: justify;\"><span style=\"font-weight: 400;\">Messiou C, et al. Whole body MRI by MY-RADS for imaging response assessment in multiple myeloma. Blood Cancer Journal. 2025.<\/span><\/p>\n<p style=\"text-align: justify;\"><span style=\"font-weight: 400;\">Achatz MI, et al. Update on Cancer Screening Recommendations for Individuals with Li-Fraumeni Syndrome. Clinical Cancer Research. 2025.<\/span><\/p>\n<p style=\"text-align: justify;\"><span style=\"font-weight: 400;\">Sodde P, et al. Evaluation of whole-body MRI for cancer early detection in Li-Fraumeni syndrome. Journal of Medical Genetics. 2025.<\/span><\/p>\n<p style=\"text-align: justify;\"><span style=\"font-weight: 400;\">Summers P, et al. Whole-body magnetic resonance imaging: technique guidelines and key applications. ecancermedicalscience. 2021.<\/span><\/p>\n","protected":false},"excerpt":{"rendered":"<p>A resson\u00e2ncia magn\u00e9tica de corpo inteiro (RM de corpo inteiro, ou WB-MRI) se consolidou como uma das ferramentas mais relevantes da imagem oncol\u00f3gica moderna. Trata-se de um m\u00e9todo sem radia\u00e7\u00e3o ionizante, com excelente contraste tecidual e grande sensibilidade para detectar doen\u00e7a em m\u00faltiplos segmentos do corpo. No entanto, embora o nome do exame seja o [&hellip;]<\/p>\n","protected":false},"author":2,"featured_media":736,"comment_status":"open","ping_status":"open","sticky":false,"template":"","format":"standard","meta":{"_joinchat":[],"footnotes":""},"categories":[1],"tags":[],"class_list":["post-731","post","type-post","status-publish","format-standard","has-post-thumbnail","hentry","category-uncategorized"],"yoast_head":"<!-- This site is optimized with the Yoast SEO plugin v27.1.1 - https:\/\/yoast.com\/product\/yoast-seo-wordpress\/ -->\n<title>Resson\u00e2ncia magn\u00e9tica de corpo inteiro - Dr. Marcelo Nacif<\/title>\n<meta name=\"robots\" content=\"index, follow, max-snippet:-1, max-image-preview:large, max-video-preview:-1\" \/>\n<link rel=\"canonical\" href=\"https:\/\/msnacif.med.br\/home\/ressonancia-magnetica-de-corpo-inteiro\/\" \/>\n<meta property=\"og:locale\" content=\"pt_BR\" \/>\n<meta property=\"og:type\" content=\"article\" \/>\n<meta property=\"og:title\" content=\"Resson\u00e2ncia magn\u00e9tica de corpo inteiro\" \/>\n<meta property=\"og:description\" content=\"A resson\u00e2ncia magn\u00e9tica de corpo inteiro (RM de corpo inteiro, ou WB-MRI) se consolidou como uma das ferramentas mais relevantes da imagem oncol\u00f3gica moderna. Trata-se de um m\u00e9todo sem radia\u00e7\u00e3o ionizante, com excelente contraste tecidual e grande sensibilidade para detectar doen\u00e7a em m\u00faltiplos segmentos do corpo. No entanto, embora o nome do exame seja o mesmo, seu papel muda de forma importante conforme a indica\u00e7\u00e3o cl\u00ednica. Isso fica especialmente claro quando comparamos sua aplica\u00e7\u00e3o na hematologia, particularmente no mieloma m\u00faltiplo, com seu uso na oncologia de vigil\u00e2ncia, como no rastreio de pacientes com s\u00edndrome de Li-Fraumeni.\" \/>\n<meta property=\"og:url\" content=\"https:\/\/msnacif.med.br\/home\/ressonancia-magnetica-de-corpo-inteiro\/\" \/>\n<meta property=\"og:site_name\" content=\"Dr. Marcelo Nacif\" \/>\n<meta property=\"article:published_time\" content=\"2026-04-23T19:07:41+00:00\" \/>\n<meta property=\"article:modified_time\" content=\"2026-04-23T19:10:24+00:00\" \/>\n<meta property=\"og:image\" content=\"https:\/\/msnacif.med.br\/home\/wp-content\/uploads\/2026\/04\/WhatsApp-Image-2026-04-22-at-21.50.06-e1776971225211.jpeg\" \/>\n\t<meta property=\"og:image:width\" content=\"355\" \/>\n\t<meta property=\"og:image:height\" content=\"224\" \/>\n\t<meta property=\"og:image:type\" content=\"image\/jpeg\" \/>\n<meta name=\"author\" content=\"Conectou!\" \/>\n<meta name=\"twitter:card\" content=\"summary_large_image\" \/>\n<meta name=\"twitter:label1\" content=\"Escrito por\" \/>\n\t<meta name=\"twitter:data1\" content=\"Conectou!\" \/>\n\t<meta name=\"twitter:label2\" content=\"Est. tempo de leitura\" \/>\n\t<meta name=\"twitter:data2\" content=\"7 minutos\" \/>\n<script type=\"application\/ld+json\" class=\"yoast-schema-graph\">{\"@context\":\"https:\/\/schema.org\",\"@graph\":[{\"@type\":\"Article\",\"@id\":\"https:\/\/msnacif.med.br\/home\/ressonancia-magnetica-de-corpo-inteiro\/#article\",\"isPartOf\":{\"@id\":\"https:\/\/msnacif.med.br\/home\/ressonancia-magnetica-de-corpo-inteiro\/\"},\"author\":{\"name\":\"Conectou!\",\"@id\":\"https:\/\/msnacif.med.br\/home\/#\/schema\/person\/a0519eecab3cb36429bece6470836d1b\"},\"headline\":\"Resson\u00e2ncia magn\u00e9tica de corpo inteiro\",\"datePublished\":\"2026-04-23T19:07:41+00:00\",\"dateModified\":\"2026-04-23T19:10:24+00:00\",\"mainEntityOfPage\":{\"@id\":\"https:\/\/msnacif.med.br\/home\/ressonancia-magnetica-de-corpo-inteiro\/\"},\"wordCount\":1223,\"commentCount\":0,\"publisher\":{\"@id\":\"https:\/\/msnacif.med.br\/home\/#organization\"},\"image\":{\"@id\":\"https:\/\/msnacif.med.br\/home\/ressonancia-magnetica-de-corpo-inteiro\/#primaryimage\"},\"thumbnailUrl\":\"https:\/\/msnacif.med.br\/home\/wp-content\/uploads\/2026\/04\/WhatsApp-Image-2026-04-22-at-21.50.06-e1776971225211.jpeg\",\"articleSection\":[\"Uncategorized\"],\"inLanguage\":\"pt-BR\",\"potentialAction\":[{\"@type\":\"CommentAction\",\"name\":\"Comment\",\"target\":[\"https:\/\/msnacif.med.br\/home\/ressonancia-magnetica-de-corpo-inteiro\/#respond\"]}]},{\"@type\":\"WebPage\",\"@id\":\"https:\/\/msnacif.med.br\/home\/ressonancia-magnetica-de-corpo-inteiro\/\",\"url\":\"https:\/\/msnacif.med.br\/home\/ressonancia-magnetica-de-corpo-inteiro\/\",\"name\":\"Resson\u00e2ncia magn\u00e9tica de corpo inteiro - Dr. Marcelo Nacif\",\"isPartOf\":{\"@id\":\"https:\/\/msnacif.med.br\/home\/#website\"},\"primaryImageOfPage\":{\"@id\":\"https:\/\/msnacif.med.br\/home\/ressonancia-magnetica-de-corpo-inteiro\/#primaryimage\"},\"image\":{\"@id\":\"https:\/\/msnacif.med.br\/home\/ressonancia-magnetica-de-corpo-inteiro\/#primaryimage\"},\"thumbnailUrl\":\"https:\/\/msnacif.med.br\/home\/wp-content\/uploads\/2026\/04\/WhatsApp-Image-2026-04-22-at-21.50.06-e1776971225211.jpeg\",\"datePublished\":\"2026-04-23T19:07:41+00:00\",\"dateModified\":\"2026-04-23T19:10:24+00:00\",\"breadcrumb\":{\"@id\":\"https:\/\/msnacif.med.br\/home\/ressonancia-magnetica-de-corpo-inteiro\/#breadcrumb\"},\"inLanguage\":\"pt-BR\",\"potentialAction\":[{\"@type\":\"ReadAction\",\"target\":[\"https:\/\/msnacif.med.br\/home\/ressonancia-magnetica-de-corpo-inteiro\/\"]}]},{\"@type\":\"ImageObject\",\"inLanguage\":\"pt-BR\",\"@id\":\"https:\/\/msnacif.med.br\/home\/ressonancia-magnetica-de-corpo-inteiro\/#primaryimage\",\"url\":\"https:\/\/msnacif.med.br\/home\/wp-content\/uploads\/2026\/04\/WhatsApp-Image-2026-04-22-at-21.50.06-e1776971225211.jpeg\",\"contentUrl\":\"https:\/\/msnacif.med.br\/home\/wp-content\/uploads\/2026\/04\/WhatsApp-Image-2026-04-22-at-21.50.06-e1776971225211.jpeg\",\"width\":355,\"height\":224},{\"@type\":\"BreadcrumbList\",\"@id\":\"https:\/\/msnacif.med.br\/home\/ressonancia-magnetica-de-corpo-inteiro\/#breadcrumb\",\"itemListElement\":[{\"@type\":\"ListItem\",\"position\":1,\"name\":\"In\u00edcio\",\"item\":\"https:\/\/msnacif.med.br\/home\/\"},{\"@type\":\"ListItem\",\"position\":2,\"name\":\"Resson\u00e2ncia magn\u00e9tica de corpo inteiro\"}]},{\"@type\":\"WebSite\",\"@id\":\"https:\/\/msnacif.med.br\/home\/#website\",\"url\":\"https:\/\/msnacif.med.br\/home\/\",\"name\":\"Dr. Marcelo Nacif\",\"description\":\"Especialista em Diagn\u00f3stico por Imagem\",\"publisher\":{\"@id\":\"https:\/\/msnacif.med.br\/home\/#organization\"},\"potentialAction\":[{\"@type\":\"SearchAction\",\"target\":{\"@type\":\"EntryPoint\",\"urlTemplate\":\"https:\/\/msnacif.med.br\/home\/?s={search_term_string}\"},\"query-input\":{\"@type\":\"PropertyValueSpecification\",\"valueRequired\":true,\"valueName\":\"search_term_string\"}}],\"inLanguage\":\"pt-BR\"},{\"@type\":\"Organization\",\"@id\":\"https:\/\/msnacif.med.br\/home\/#organization\",\"name\":\"Dr. Marcelo Nacif\",\"url\":\"https:\/\/msnacif.med.br\/home\/\",\"logo\":{\"@type\":\"ImageObject\",\"inLanguage\":\"pt-BR\",\"@id\":\"https:\/\/msnacif.med.br\/home\/#\/schema\/logo\/image\/\",\"url\":\"https:\/\/msnacif.med.br\/home\/wp-content\/uploads\/2025\/03\/logoMN.png\",\"contentUrl\":\"https:\/\/msnacif.med.br\/home\/wp-content\/uploads\/2025\/03\/logoMN.png\",\"width\":224,\"height\":148,\"caption\":\"Dr. Marcelo Nacif\"},\"image\":{\"@id\":\"https:\/\/msnacif.med.br\/home\/#\/schema\/logo\/image\/\"},\"sameAs\":[\"https:\/\/www.instagram.com\/msnacif\/\"]},{\"@type\":\"Person\",\"@id\":\"https:\/\/msnacif.med.br\/home\/#\/schema\/person\/a0519eecab3cb36429bece6470836d1b\",\"name\":\"Conectou!\",\"image\":{\"@type\":\"ImageObject\",\"inLanguage\":\"pt-BR\",\"@id\":\"https:\/\/msnacif.med.br\/home\/#\/schema\/person\/image\/\",\"url\":\"https:\/\/secure.gravatar.com\/avatar\/52d5b39631fca2c4a23ded565b9d52179fc14b4a1e8c27d6371fa284c21cbe00?s=96&d=mm&r=g\",\"contentUrl\":\"https:\/\/secure.gravatar.com\/avatar\/52d5b39631fca2c4a23ded565b9d52179fc14b4a1e8c27d6371fa284c21cbe00?s=96&d=mm&r=g\",\"caption\":\"Conectou!\"},\"url\":\"https:\/\/msnacif.med.br\/home\/author\/editor\/\"}]}<\/script>\n<!-- \/ Yoast SEO plugin. -->","yoast_head_json":{"title":"Resson\u00e2ncia magn\u00e9tica de corpo inteiro - Dr. Marcelo Nacif","robots":{"index":"index","follow":"follow","max-snippet":"max-snippet:-1","max-image-preview":"max-image-preview:large","max-video-preview":"max-video-preview:-1"},"canonical":"https:\/\/msnacif.med.br\/home\/ressonancia-magnetica-de-corpo-inteiro\/","og_locale":"pt_BR","og_type":"article","og_title":"Resson\u00e2ncia magn\u00e9tica de corpo inteiro","og_description":"A resson\u00e2ncia magn\u00e9tica de corpo inteiro (RM de corpo inteiro, ou WB-MRI) se consolidou como uma das ferramentas mais relevantes da imagem oncol\u00f3gica moderna. Trata-se de um m\u00e9todo sem radia\u00e7\u00e3o ionizante, com excelente contraste tecidual e grande sensibilidade para detectar doen\u00e7a em m\u00faltiplos segmentos do corpo. No entanto, embora o nome do exame seja o mesmo, seu papel muda de forma importante conforme a indica\u00e7\u00e3o cl\u00ednica. Isso fica especialmente claro quando comparamos sua aplica\u00e7\u00e3o na hematologia, particularmente no mieloma m\u00faltiplo, com seu uso na oncologia de vigil\u00e2ncia, como no rastreio de pacientes com s\u00edndrome de Li-Fraumeni.","og_url":"https:\/\/msnacif.med.br\/home\/ressonancia-magnetica-de-corpo-inteiro\/","og_site_name":"Dr. Marcelo Nacif","article_published_time":"2026-04-23T19:07:41+00:00","article_modified_time":"2026-04-23T19:10:24+00:00","og_image":[{"width":355,"height":224,"url":"https:\/\/msnacif.med.br\/home\/wp-content\/uploads\/2026\/04\/WhatsApp-Image-2026-04-22-at-21.50.06-e1776971225211.jpeg","type":"image\/jpeg"}],"author":"Conectou!","twitter_card":"summary_large_image","twitter_misc":{"Escrito por":"Conectou!","Est. tempo de leitura":"7 minutos"},"schema":{"@context":"https:\/\/schema.org","@graph":[{"@type":"Article","@id":"https:\/\/msnacif.med.br\/home\/ressonancia-magnetica-de-corpo-inteiro\/#article","isPartOf":{"@id":"https:\/\/msnacif.med.br\/home\/ressonancia-magnetica-de-corpo-inteiro\/"},"author":{"name":"Conectou!","@id":"https:\/\/msnacif.med.br\/home\/#\/schema\/person\/a0519eecab3cb36429bece6470836d1b"},"headline":"Resson\u00e2ncia magn\u00e9tica de corpo inteiro","datePublished":"2026-04-23T19:07:41+00:00","dateModified":"2026-04-23T19:10:24+00:00","mainEntityOfPage":{"@id":"https:\/\/msnacif.med.br\/home\/ressonancia-magnetica-de-corpo-inteiro\/"},"wordCount":1223,"commentCount":0,"publisher":{"@id":"https:\/\/msnacif.med.br\/home\/#organization"},"image":{"@id":"https:\/\/msnacif.med.br\/home\/ressonancia-magnetica-de-corpo-inteiro\/#primaryimage"},"thumbnailUrl":"https:\/\/msnacif.med.br\/home\/wp-content\/uploads\/2026\/04\/WhatsApp-Image-2026-04-22-at-21.50.06-e1776971225211.jpeg","articleSection":["Uncategorized"],"inLanguage":"pt-BR","potentialAction":[{"@type":"CommentAction","name":"Comment","target":["https:\/\/msnacif.med.br\/home\/ressonancia-magnetica-de-corpo-inteiro\/#respond"]}]},{"@type":"WebPage","@id":"https:\/\/msnacif.med.br\/home\/ressonancia-magnetica-de-corpo-inteiro\/","url":"https:\/\/msnacif.med.br\/home\/ressonancia-magnetica-de-corpo-inteiro\/","name":"Resson\u00e2ncia magn\u00e9tica de corpo inteiro - Dr. Marcelo Nacif","isPartOf":{"@id":"https:\/\/msnacif.med.br\/home\/#website"},"primaryImageOfPage":{"@id":"https:\/\/msnacif.med.br\/home\/ressonancia-magnetica-de-corpo-inteiro\/#primaryimage"},"image":{"@id":"https:\/\/msnacif.med.br\/home\/ressonancia-magnetica-de-corpo-inteiro\/#primaryimage"},"thumbnailUrl":"https:\/\/msnacif.med.br\/home\/wp-content\/uploads\/2026\/04\/WhatsApp-Image-2026-04-22-at-21.50.06-e1776971225211.jpeg","datePublished":"2026-04-23T19:07:41+00:00","dateModified":"2026-04-23T19:10:24+00:00","breadcrumb":{"@id":"https:\/\/msnacif.med.br\/home\/ressonancia-magnetica-de-corpo-inteiro\/#breadcrumb"},"inLanguage":"pt-BR","potentialAction":[{"@type":"ReadAction","target":["https:\/\/msnacif.med.br\/home\/ressonancia-magnetica-de-corpo-inteiro\/"]}]},{"@type":"ImageObject","inLanguage":"pt-BR","@id":"https:\/\/msnacif.med.br\/home\/ressonancia-magnetica-de-corpo-inteiro\/#primaryimage","url":"https:\/\/msnacif.med.br\/home\/wp-content\/uploads\/2026\/04\/WhatsApp-Image-2026-04-22-at-21.50.06-e1776971225211.jpeg","contentUrl":"https:\/\/msnacif.med.br\/home\/wp-content\/uploads\/2026\/04\/WhatsApp-Image-2026-04-22-at-21.50.06-e1776971225211.jpeg","width":355,"height":224},{"@type":"BreadcrumbList","@id":"https:\/\/msnacif.med.br\/home\/ressonancia-magnetica-de-corpo-inteiro\/#breadcrumb","itemListElement":[{"@type":"ListItem","position":1,"name":"In\u00edcio","item":"https:\/\/msnacif.med.br\/home\/"},{"@type":"ListItem","position":2,"name":"Resson\u00e2ncia magn\u00e9tica de corpo inteiro"}]},{"@type":"WebSite","@id":"https:\/\/msnacif.med.br\/home\/#website","url":"https:\/\/msnacif.med.br\/home\/","name":"Dr. Marcelo Nacif","description":"Especialista em Diagn\u00f3stico por Imagem","publisher":{"@id":"https:\/\/msnacif.med.br\/home\/#organization"},"potentialAction":[{"@type":"SearchAction","target":{"@type":"EntryPoint","urlTemplate":"https:\/\/msnacif.med.br\/home\/?s={search_term_string}"},"query-input":{"@type":"PropertyValueSpecification","valueRequired":true,"valueName":"search_term_string"}}],"inLanguage":"pt-BR"},{"@type":"Organization","@id":"https:\/\/msnacif.med.br\/home\/#organization","name":"Dr. Marcelo Nacif","url":"https:\/\/msnacif.med.br\/home\/","logo":{"@type":"ImageObject","inLanguage":"pt-BR","@id":"https:\/\/msnacif.med.br\/home\/#\/schema\/logo\/image\/","url":"https:\/\/msnacif.med.br\/home\/wp-content\/uploads\/2025\/03\/logoMN.png","contentUrl":"https:\/\/msnacif.med.br\/home\/wp-content\/uploads\/2025\/03\/logoMN.png","width":224,"height":148,"caption":"Dr. Marcelo Nacif"},"image":{"@id":"https:\/\/msnacif.med.br\/home\/#\/schema\/logo\/image\/"},"sameAs":["https:\/\/www.instagram.com\/msnacif\/"]},{"@type":"Person","@id":"https:\/\/msnacif.med.br\/home\/#\/schema\/person\/a0519eecab3cb36429bece6470836d1b","name":"Conectou!","image":{"@type":"ImageObject","inLanguage":"pt-BR","@id":"https:\/\/msnacif.med.br\/home\/#\/schema\/person\/image\/","url":"https:\/\/secure.gravatar.com\/avatar\/52d5b39631fca2c4a23ded565b9d52179fc14b4a1e8c27d6371fa284c21cbe00?s=96&d=mm&r=g","contentUrl":"https:\/\/secure.gravatar.com\/avatar\/52d5b39631fca2c4a23ded565b9d52179fc14b4a1e8c27d6371fa284c21cbe00?s=96&d=mm&r=g","caption":"Conectou!"},"url":"https:\/\/msnacif.med.br\/home\/author\/editor\/"}]}},"_links":{"self":[{"href":"https:\/\/msnacif.med.br\/home\/wp-json\/wp\/v2\/posts\/731","targetHints":{"allow":["GET"]}}],"collection":[{"href":"https:\/\/msnacif.med.br\/home\/wp-json\/wp\/v2\/posts"}],"about":[{"href":"https:\/\/msnacif.med.br\/home\/wp-json\/wp\/v2\/types\/post"}],"author":[{"embeddable":true,"href":"https:\/\/msnacif.med.br\/home\/wp-json\/wp\/v2\/users\/2"}],"replies":[{"embeddable":true,"href":"https:\/\/msnacif.med.br\/home\/wp-json\/wp\/v2\/comments?post=731"}],"version-history":[{"count":5,"href":"https:\/\/msnacif.med.br\/home\/wp-json\/wp\/v2\/posts\/731\/revisions"}],"predecessor-version":[{"id":741,"href":"https:\/\/msnacif.med.br\/home\/wp-json\/wp\/v2\/posts\/731\/revisions\/741"}],"wp:featuredmedia":[{"embeddable":true,"href":"https:\/\/msnacif.med.br\/home\/wp-json\/wp\/v2\/media\/736"}],"wp:attachment":[{"href":"https:\/\/msnacif.med.br\/home\/wp-json\/wp\/v2\/media?parent=731"}],"wp:term":[{"taxonomy":"category","embeddable":true,"href":"https:\/\/msnacif.med.br\/home\/wp-json\/wp\/v2\/categories?post=731"},{"taxonomy":"post_tag","embeddable":true,"href":"https:\/\/msnacif.med.br\/home\/wp-json\/wp\/v2\/tags?post=731"}],"curies":[{"name":"wp","href":"https:\/\/api.w.org\/{rel}","templated":true}]}}